{"id":22240,"date":"2026-04-22T07:58:19","date_gmt":"2026-04-22T10:58:19","guid":{"rendered":"https:\/\/aprimora.site\/carvalhoalmeidaadvogados\/2026\/04\/22\/justica-especializada-deve-julgar-injuria-racial-contra-adolescente-decide-sexta-turma\/"},"modified":"2026-04-22T07:58:19","modified_gmt":"2026-04-22T10:58:19","slug":"justica-especializada-deve-julgar-injuria-racial-contra-adolescente-decide-sexta-turma","status":"publish","type":"post","link":"https:\/\/aprimora.site\/carvalhoalmeidaadvogados\/2026\/04\/22\/justica-especializada-deve-julgar-injuria-racial-contra-adolescente-decide-sexta-turma\/","title":{"rendered":"Justi\u00e7a especializada deve julgar inj\u00faria racial contra adolescente, decide Sexta Turma"},"content":{"rendered":"<p>Para os ministros, a compet\u00eancia das varas especializadas em crimes contra crian\u00e7as e adolescentes deve abranger todos os delitos praticados contra esse p\u00fablico, de modo a garantir sua prote\u00e7\u00e3o integral.<\/p>","protected":false},"excerpt":{"rendered":"<p>Para os ministros, a compet\u00eancia das varas especializadas em crimes contra crian\u00e7as e adolescentes deve abranger todos os delitos praticados contra esse p\u00fablico, de modo a garantir sua prote\u00e7\u00e3o integral.<\/p>\n","protected":false},"author":0,"featured_media":0,"comment_status":"open","ping_status":"open","sticky":false,"template":"","format":"standard","meta":[],"categories":[1],"tags":[],"_links":{"self":[{"href":"https:\/\/aprimora.site\/carvalhoalmeidaadvogados\/wp-json\/wp\/v2\/posts\/22240"}],"collection":[{"href":"https:\/\/aprimora.site\/carvalhoalmeidaadvogados\/wp-json\/wp\/v2\/posts"}],"about":[{"href":"https:\/\/aprimora.site\/carvalhoalmeidaadvogados\/wp-json\/wp\/v2\/types\/post"}],"replies":[{"embeddable":true,"href":"https:\/\/aprimora.site\/carvalhoalmeidaadvogados\/wp-json\/wp\/v2\/comments?post=22240"}],"version-history":[{"count":0,"href":"https:\/\/aprimora.site\/carvalhoalmeidaadvogados\/wp-json\/wp\/v2\/posts\/22240\/revisions"}],"wp:attachment":[{"href":"https:\/\/aprimora.site\/carvalhoalmeidaadvogados\/wp-json\/wp\/v2\/media?parent=22240"}],"wp:term":[{"taxonomy":"category","embeddable":true,"href":"https:\/\/aprimora.site\/carvalhoalmeidaadvogados\/wp-json\/wp\/v2\/categories?post=22240"},{"taxonomy":"post_tag","embeddable":true,"href":"https:\/\/aprimora.site\/carvalhoalmeidaadvogados\/wp-json\/wp\/v2\/tags?post=22240"}],"curies":[{"name":"wp","href":"https:\/\/api.w.org\/{rel}","templated":true}]}}