{"id":21410,"date":"2026-03-18T21:58:22","date_gmt":"2026-03-19T00:58:22","guid":{"rendered":"https:\/\/aprimora.site\/carvalhoalmeidaadvogados\/2026\/03\/18\/fux-derruba-trechos-de-lei-do-rj-que-criou-regras-para-mandato-tampao-de-governador\/"},"modified":"2026-03-18T21:58:22","modified_gmt":"2026-03-19T00:58:22","slug":"fux-derruba-trechos-de-lei-do-rj-que-criou-regras-para-mandato-tampao-de-governador","status":"publish","type":"post","link":"https:\/\/aprimora.site\/carvalhoalmeidaadvogados\/2026\/03\/18\/fux-derruba-trechos-de-lei-do-rj-que-criou-regras-para-mandato-tampao-de-governador\/","title":{"rendered":"Fux derruba trechos de lei do RJ que criou regras para mandato-tamp\u00e3o de governador"},"content":{"rendered":"<p>O ministro <a href=\"https:\/\/www.jota.info\/tudo-sobre\/luiz-fux\">Luiz Fux<\/a>, do Supremo Tribunal Federal (<a href=\"https:\/\/www.jota.info\/tudo-sobre\/STF\">STF<\/a>), derrubou nesta quarta-feira (18\/3) trechos da lei fluminense que regulamenta elei\u00e7\u00e3o indireta em caso de mandato-tamp\u00e3o no governo do estado. A norma questionada pelo PSD foi aprovada pela Assembleia Legislativa do Rio (Alerj) diante da possibilidade de vac\u00e2ncia do cargo pelo governador Cl\u00e1udio Castro (PL-RJ) \u2013 ele deve sair do posto para concorrer ao Senado e tamb\u00e9m pode ser cassado pelo Tribunal Superior Eleitoral (<a href=\"http:\/\/www.jota.info\/tudo-sobre\/TSE\">TSE<\/a>).<\/p>\n<p>Se Castro sair, elei\u00e7\u00f5es indiretas devem ser chamadas, uma vez que ele n\u00e3o tem vice-governador. Nesse caso, os deputados estaduais da Alerj precisam eleger um novo governador para cumprir o restante do mandato, que vai at\u00e9 o fim de 2026.<\/p>\n<p class=\"jota-cta\"><a href=\"https:\/\/www.jota.info\/produtos\/poder?utm_source=cta-site&amp;utm_medium=site&amp;utm_campaign=campanha_poder_q2&amp;utm_id=cta_texto_poder_q2_2023&amp;utm_term=cta_texto_poder&amp;utm_term=cta_texto_poder_meio_materias\">Conhe\u00e7a o <span class=\"jota\">JOTA<\/span> PRO Poder, plataforma de monitoramento que oferece transpar\u00eancia e previsibilidade para empresas<\/a><\/p>\n<p>Na liminar, Fux suspende o voto aberto na elei\u00e7\u00e3o indireta e o prazo de 24 horas para a desincompatibiliza\u00e7\u00e3o de candidatos que ocupam cargos no Executivo.<\/p>\n<p>Na avalia\u00e7\u00e3o do ministro, nas elei\u00e7\u00f5es indiretas para os cargos de governador e vice-governador, o Poder Legislativo atua como um col\u00e9gio de eleitores, por isso, devem ser aplicadas aos parlamentares votantes as mesmas garantias do eleitor em geral para mitigar press\u00f5es indevidas e preservar a liberdade do voto. Para corroborar o argumento, o magistrado cita os casos de viol\u00eancia pol\u00edtica no Rio e exemplifica com a morte da vereadora Marielle Franco.<\/p>\n<p>Em rela\u00e7\u00e3o ao prazo de desincompatibiliza\u00e7\u00e3o, Fux entendeu que \u201cmeras\u201d 24 horas \u201cantes do pleito n\u00e3o preserva a igualdade de chances no certame eleitoral\u201d. Para ele, \u201co car\u00e1ter excepcional ou inesperado da dupla vac\u00e2ncia n\u00e3o afasta a indevida influ\u00eancia do poder pol\u00edtico que se almeja obstaculizar por meio das hip\u00f3teses de inelegibilidade da Lei Complementar n. 64\/1990\u201d. Pela lei, a regra geral \u00e9 um afastamento 6 meses antes da elei\u00e7\u00e3o.<\/p>\n<p>A decis\u00e3o de Fux pode impactar as candidaturas de atuais membros do governo de Castro, como o secret\u00e1rio estadual de Cidades, Douglas Ruas (PL), e a do secret\u00e1rio de Assuntos Legislativos do governo federal, Andr\u00e9 Ceciliano (PT).<\/p>\n<p class=\"jota-cta\"><a href=\"https:\/\/conteudo.jota.info\/marketing-lp-newsletter-ultimas-noticias?utm_source=jota&amp;utm_medium=lp&amp;utm_campaign=23-09-2024-jota-lp-eleicoes-2024-eleicoes-2024-none-audiencias-none&amp;utm_content=eleicoes-2024&amp;utm_term=none\">Assine gratuitamente a newsletter \u00daltimas Not\u00edcias do <span class=\"jota\">JOTA<\/span> e receba as principais not\u00edcias jur\u00eddicas e pol\u00edticas do dia no seu email<\/a><\/p>","protected":false},"excerpt":{"rendered":"<p>O ministro Luiz Fux, do Supremo Tribunal Federal (STF), derrubou nesta quarta-feira (18\/3) trechos da lei fluminense que regulamenta elei\u00e7\u00e3o indireta em caso de mandato-tamp\u00e3o no governo do estado. A norma questionada pelo PSD foi aprovada pela Assembleia Legislativa do Rio (Alerj) diante da possibilidade de vac\u00e2ncia do cargo pelo governador Cl\u00e1udio Castro (PL-RJ) \u2013 [&hellip;]<\/p>\n","protected":false},"author":0,"featured_media":0,"comment_status":"open","ping_status":"open","sticky":false,"template":"","format":"standard","meta":[],"categories":[1],"tags":[],"_links":{"self":[{"href":"https:\/\/aprimora.site\/carvalhoalmeidaadvogados\/wp-json\/wp\/v2\/posts\/21410"}],"collection":[{"href":"https:\/\/aprimora.site\/carvalhoalmeidaadvogados\/wp-json\/wp\/v2\/posts"}],"about":[{"href":"https:\/\/aprimora.site\/carvalhoalmeidaadvogados\/wp-json\/wp\/v2\/types\/post"}],"replies":[{"embeddable":true,"href":"https:\/\/aprimora.site\/carvalhoalmeidaadvogados\/wp-json\/wp\/v2\/comments?post=21410"}],"version-history":[{"count":0,"href":"https:\/\/aprimora.site\/carvalhoalmeidaadvogados\/wp-json\/wp\/v2\/posts\/21410\/revisions"}],"wp:attachment":[{"href":"https:\/\/aprimora.site\/carvalhoalmeidaadvogados\/wp-json\/wp\/v2\/media?parent=21410"}],"wp:term":[{"taxonomy":"category","embeddable":true,"href":"https:\/\/aprimora.site\/carvalhoalmeidaadvogados\/wp-json\/wp\/v2\/categories?post=21410"},{"taxonomy":"post_tag","embeddable":true,"href":"https:\/\/aprimora.site\/carvalhoalmeidaadvogados\/wp-json\/wp\/v2\/tags?post=21410"}],"curies":[{"name":"wp","href":"https:\/\/api.w.org\/{rel}","templated":true}]}}