{"id":21403,"date":"2026-03-18T20:07:39","date_gmt":"2026-03-18T23:07:39","guid":{"rendered":"https:\/\/aprimora.site\/carvalhoalmeidaadvogados\/2026\/03\/18\/stj-desobriga-busca-por-endereco-de-reu-em-orgao-publico-antes-de-citacao-por-edital\/"},"modified":"2026-03-18T20:07:39","modified_gmt":"2026-03-18T23:07:39","slug":"stj-desobriga-busca-por-endereco-de-reu-em-orgao-publico-antes-de-citacao-por-edital","status":"publish","type":"post","link":"https:\/\/aprimora.site\/carvalhoalmeidaadvogados\/2026\/03\/18\/stj-desobriga-busca-por-endereco-de-reu-em-orgao-publico-antes-de-citacao-por-edital\/","title":{"rendered":"STJ desobriga busca por endere\u00e7o de r\u00e9u em \u00f3rg\u00e3o p\u00fablico antes de cita\u00e7\u00e3o por edital"},"content":{"rendered":"<p>A Corte Especial do Superior Tribunal de Justi\u00e7a (<a href=\"https:\/\/www.jota.info\/tudo-sobre\/stj\">STJ<\/a>) decidiu nesta quarta-feira (18\/3), por unanimidade, que ju\u00edzes n\u00e3o s\u00e3o obrigados a oficiar \u00f3rg\u00e3os p\u00fablicos ou concession\u00e1rias de servi\u00e7os antes de determinar a cita\u00e7\u00e3o do r\u00e9u por edital.<\/p>\n<p>O entendimento \u00e9 o de que a busca por essas informa\u00e7\u00f5es para localizar o r\u00e9u n\u00e3o \u00e9 um requisito pr\u00e9vio e de que cabe ao magistrado avaliar, caso a caso, as circunst\u00e2ncias e se foram esgotados os meios dispon\u00edveis para descobrir onde mora a pessoa alvo do processo.<\/p>\n<p>A decis\u00e3o segue uma posi\u00e7\u00e3o que j\u00e1 vinha sendo adotada pelo STJ sobre o tema. A diferen\u00e7a, agora, \u00e9 que essa defini\u00e7\u00e3o foi fixada sob o rito dos repetitivos (Tema 1338) e dever\u00e1 ser seguida em todos os processos das inst\u00e2ncias inferiores que discutam a quest\u00e3o.<\/p>\n<p class=\"jota-cta\"><a href=\"https:\/\/conteudo.jota.info\/marketing-lp-newsletter-ultimas-noticias?utm_source=jota&amp;utm_medium=lp&amp;utm_campaign=23-09-2024-jota-lp-eleicoes-2024-eleicoes-2024-none-audiencias-none&amp;utm_content=eleicoes-2024&amp;utm_term=none\"><span>Assine gratuitamente a newsletter \u00daltimas Not\u00edcias do <span class=\"jota\">JOTA<\/span> e receba as principais not\u00edcias jur\u00eddicas e pol\u00edticas do dia no seu email<\/span><\/a><\/p>\n<p>A cita\u00e7\u00e3o do r\u00e9u por edital \u00e9 um mecanismo excepcional para intimar algu\u00e9m sobre um processo, adotado quando n\u00e3o \u00e9 poss\u00edvel identificar seu endere\u00e7o. Esgotadas as tentativas, o juiz manda publicar a cita\u00e7\u00e3o no Di\u00e1rio da Justi\u00e7a.<\/p>\n<p>O debate envolveu trecho do C\u00f3digo de Processo Civil (<a href=\"https:\/\/www.jota.info\/tudo-sobre\/cpc\">CPC<\/a>). Conforme a norma, a cita\u00e7\u00e3o por edital ser\u00e1 feita quando o local do r\u00e9u for \u201cignorado, incerto ou inacess\u00edvel\u201d. A lei considera essa situa\u00e7\u00e3o quando forem \u201cinfrut\u00edferas as tentativas de sua localiza\u00e7\u00e3o, inclusive mediante requisi\u00e7\u00e3o, pelo ju\u00edzo, de informa\u00e7\u00f5es sobre seu endere\u00e7o nos cadastros de \u00f3rg\u00e3os p\u00fablicos ou de concession\u00e1rias de servi\u00e7os p\u00fablicos\u201d.<\/p>\n<p>Para o relator do caso, ministro <a href=\"https:\/\/www.jota.info\/tudo-sobre\/og-fernandes\">Og Fernandes<\/a>, as pesquisas em \u00f3rg\u00e3os ou concession\u00e1rias, previstas no CPC, n\u00e3o configuram uma \u201cobriga\u00e7\u00e3o universal e autom\u00e1tica\u201d, mas, sim, uma \u201cpossibilidade a ser avaliada pelo magistrado de forma casu\u00edstica\u201d.<\/p>\n<p class=\"jota-cta\"><a href=\"https:\/\/whatsapp.com\/channel\/0029VaFvFd73rZZflK7yGD0I\">Inscreva-se no canal de not\u00edcias do <span class=\"jota\">JOTA<\/span> no WhatsApp e fique por dentro das principais discuss\u00f5es do pa\u00eds!<\/a><\/p>\n<p>\u201cO esgotamento das dilig\u00eancias n\u00e3o se confunde com a realiza\u00e7\u00e3o de todas as buscas imagin\u00e1veis, sendo suficiente, em regra, a utiliza\u00e7\u00e3o de sistemas informatizados de pesquisa \u00e0 disposi\u00e7\u00e3o do Poder Judici\u00e1rio, observados os princ\u00edpios da efici\u00eancia, da proporcionalidade e da dura\u00e7\u00e3o razo\u00e1vel do processo, sem preju\u00edzo da ado\u00e7\u00e3o de dilig\u00eancias adicionais quando houver utilidade concreta\u201d, afirmou.<\/p>\n<p>A tese fixada foi a seguinte:<\/p>\n<p>\u201cA expedi\u00e7\u00e3o de of\u00edcio a cadastros de \u00f3rg\u00e3os p\u00fablicos ou concession\u00e1rios de servi\u00e7os p\u00fablicos n\u00e3o \u00e9 requisito obrigat\u00f3rio para validade da cita\u00e7\u00e3o por edital, competindo ao magistrado, \u00e0 luz das circunst\u00e2ncias do caso concreto, avaliar a sufici\u00eancia das dilig\u00eancias realizadas e motivadas \u00e0 conclus\u00e3o quanto ao esgotamento razo\u00e1vel dos meios dispon\u00edveis. Considera-se atendido, em regra, o requisito do artigo 256 par\u00e1grafo 3\u00ba do CPC quando infrut\u00edferas as tentativas de localiza\u00e7\u00e3o do r\u00e9u nos endere\u00e7os constantes dos autos e naqueles obtidos por meio de sistemas informatizados de pesquisa a disposi\u00e7\u00e3o do ju\u00edzo, sendo desnecess\u00e1rio o esgotamento de todos os meios extrajudiciais ou expedi\u00e7\u00e3o de of\u00edcio a empresas privadas de servi\u00e7os p\u00fablicos\u201d.<\/p>","protected":false},"excerpt":{"rendered":"<p>A Corte Especial do Superior Tribunal de Justi\u00e7a (STJ) decidiu nesta quarta-feira (18\/3), por unanimidade, que ju\u00edzes n\u00e3o s\u00e3o obrigados a oficiar \u00f3rg\u00e3os p\u00fablicos ou concession\u00e1rias de servi\u00e7os antes de determinar a cita\u00e7\u00e3o do r\u00e9u por edital. O entendimento \u00e9 o de que a busca por essas informa\u00e7\u00f5es para localizar o r\u00e9u n\u00e3o \u00e9 um [&hellip;]<\/p>\n","protected":false},"author":0,"featured_media":0,"comment_status":"open","ping_status":"open","sticky":false,"template":"","format":"standard","meta":[],"categories":[1],"tags":[],"_links":{"self":[{"href":"https:\/\/aprimora.site\/carvalhoalmeidaadvogados\/wp-json\/wp\/v2\/posts\/21403"}],"collection":[{"href":"https:\/\/aprimora.site\/carvalhoalmeidaadvogados\/wp-json\/wp\/v2\/posts"}],"about":[{"href":"https:\/\/aprimora.site\/carvalhoalmeidaadvogados\/wp-json\/wp\/v2\/types\/post"}],"replies":[{"embeddable":true,"href":"https:\/\/aprimora.site\/carvalhoalmeidaadvogados\/wp-json\/wp\/v2\/comments?post=21403"}],"version-history":[{"count":0,"href":"https:\/\/aprimora.site\/carvalhoalmeidaadvogados\/wp-json\/wp\/v2\/posts\/21403\/revisions"}],"wp:attachment":[{"href":"https:\/\/aprimora.site\/carvalhoalmeidaadvogados\/wp-json\/wp\/v2\/media?parent=21403"}],"wp:term":[{"taxonomy":"category","embeddable":true,"href":"https:\/\/aprimora.site\/carvalhoalmeidaadvogados\/wp-json\/wp\/v2\/categories?post=21403"},{"taxonomy":"post_tag","embeddable":true,"href":"https:\/\/aprimora.site\/carvalhoalmeidaadvogados\/wp-json\/wp\/v2\/tags?post=21403"}],"curies":[{"name":"wp","href":"https:\/\/api.w.org\/{rel}","templated":true}]}}