{"id":21402,"date":"2026-03-18T20:07:38","date_gmt":"2026-03-18T23:07:38","guid":{"rendered":"https:\/\/aprimora.site\/carvalhoalmeidaadvogados\/2026\/03\/18\/apos-sinalizar-ciclo-de-queda-bc-reduz-selic-para-1475-ao-ano\/"},"modified":"2026-03-18T20:07:38","modified_gmt":"2026-03-18T23:07:38","slug":"apos-sinalizar-ciclo-de-queda-bc-reduz-selic-para-1475-ao-ano","status":"publish","type":"post","link":"https:\/\/aprimora.site\/carvalhoalmeidaadvogados\/2026\/03\/18\/apos-sinalizar-ciclo-de-queda-bc-reduz-selic-para-1475-ao-ano\/","title":{"rendered":"Ap\u00f3s sinalizar ciclo de queda, BC reduz Selic para 14,75% ao ano"},"content":{"rendered":"<p><span>O Comit\u00ea de Pol\u00edtica Monet\u00e1ria (<a href=\"https:\/\/www.jota.info\/tudo-sobre\/Copom\">Copom<\/a>) do Banco Central (<a href=\"https:\/\/www.jota.info\/tudo-sobre\/BC\">BC<\/a>) decidiu, nesta quarta-feira (18\/3), reduzir a taxa b\u00e1sica de juros da economia em 0,25 ponto percentual, de 15% para 14,75% ao ano. Esse \u00e9 o primeiro corte de juros em quase dois anos, quando em maio de 2024 o conselho reduziu a taxa Selic de 10,75% para 10,50% ao ano. A queda vem de encontro com a expectativa do mercado financeiro, que j\u00e1 projetava o corte de 0,25 p.p, e com o ciclo de queda anunciado pelo Copom em sua \u00faltima reuni\u00e3o. Na tarde desta quarta, o Federal Reserve (<a href=\"https:\/\/www.jota.info\/tudo-sobre\/Federal%20reserve\">Fed<\/a>), Banco Central dos Estados Unidos, divulgou a manuten\u00e7\u00e3o da taxa de juros do pa\u00eds na faixa de 3,50% a 3,75% ao ano.<\/span><\/p>\n<p>Em comunicado, o comit\u00ea informou que a decis\u00e3o \u00e9 \u201ccompat\u00edvel com a estrat\u00e9gia de converg\u00eancia da infla\u00e7\u00e3o para o redor da meta ao longo do horizonte relevante. Sem preju\u00edzo de seu objetivo fundamental de assegurar a estabilidade de pre\u00e7os, essa decis\u00e3o tamb\u00e9m implica suaviza\u00e7\u00e3o das flutua\u00e7\u00f5es do n\u00edvel de atividade econ\u00f4mica e fomento do pleno emprego\u201d.<\/p>\n<p class=\"jota-cta\"><a href=\"https:\/\/www.jota.info\/produtos\/poder?utm_source=cta-site&amp;utm_medium=site&amp;utm_campaign=campanha_poder_q2&amp;utm_id=cta_texto_poder_q2_2023&amp;utm_term=cta_texto_poder&amp;utm_term=cta_texto_poder_meio_materias\"><span>Conhe\u00e7a o <span class=\"jota\">JOTA<\/span> PRO Poder, plataforma de monitoramento que oferece transpar\u00eancia e previsibilidade para empresas<\/span><\/a><\/p>\n<p>No cen\u00e1rio dom\u00e9stico, o Copom afirmou que \u201co conjunto dos indicadores segue apresentando, conforme esperado, trajet\u00f3ria de modera\u00e7\u00e3o no crescimento da atividade econ\u00f4mica, enquanto o mercado de trabalho ainda mostra sinais de resili\u00eancia\u201d.<\/p>\n<h2>\u201cAmbiente de incerteza\u201d com guerra no Oriente M\u00e9dio<\/h2>\n<p>Apesar do corte, o Copom destacou que \u200b\u201do ambiente externo tornou-se mais incerto, em fun\u00e7\u00e3o do acirramento de conflitos geopol\u00edticos no Oriente M\u00e9dio, com reflexos nas condi\u00e7\u00f5es financeiras globais\u201d, o que \u201cexige cautela por parte de pa\u00edses emergentes em ambiente marcado por eleva\u00e7\u00e3o da volatilidade de pre\u00e7os de ativos e commodities\u201d.<\/p>\n<p>Na decis\u00e3o, o Copom afirma que os conflitos afetam direta e indiretamente a infla\u00e7\u00e3o e que os riscos de alta ou de baixa, que j\u00e1 se encontravam mais elevados do que o usual, se intensificaram ap\u00f3s o in\u00edcio dos conflitos. \u201cO Comit\u00ea considera os impactos dos conflitos no Oriente M\u00e9dio de forma prospectiva, em particular seus efeitos sobre a cadeia de suprimentos global e os pre\u00e7os de commodities que afetam direta e indiretamente a infla\u00e7\u00e3o no Brasil\u201d.<\/p>\n<p>O Comit\u00ea ainda enfatizou a posi\u00e7\u00e3o cautelosa na condu\u00e7\u00e3o da pol\u00edtica monet\u00e1ria, afirmando que os pr\u00f3ximos passos na calibra\u00e7\u00e3o da taxa b\u00e1sica de juros devem incorporar novas informa\u00e7\u00f5es sobre \u201cprofundidade e a extens\u00e3o\u201d do conflito geopol\u00edtico.<\/p>\n<h2>Expectativa do mercado financeiro<\/h2>\n<p><span>A queda dos juros era esperada pela maior parte dos economistas do mercado financeiro. Isso porque, em sua \u00faltima reuni\u00e3o, o Copom sinalizou um poss\u00edvel in\u00edcio no ciclo de quedas da taxa. \u201cO Comit\u00ea antev\u00ea, em se confirmando o cen\u00e1rio esperado, iniciar a flexibiliza\u00e7\u00e3o da pol\u00edtica monet\u00e1ria em sua pr\u00f3xima reuni\u00e3o, por\u00e9m refor\u00e7a que manter\u00e1 a restri\u00e7\u00e3o adequada para assegurar a converg\u00eancia da infla\u00e7\u00e3o \u00e0 meta\u201d, afirmou o comunicado da reuni\u00e3o de janeiro.\u00a0<\/span><\/p>\n<p><span>De acordo com o Boletim Focus publicado na \u00faltima sexta-feira (13\/3), a expectativa de redu\u00e7\u00e3o foi menor do que a projetada na semana anterior, quando os analistas previam um corte de 0,5 ponto percentual, para 14,5% ao ano. Com o in\u00edcio da guerra no Oriente M\u00e9dio, o mercado passou a projetar um corte menor, de 0,25 ponto percentual, para 14,75% ao ano e at\u00e9 a considerar uma poss\u00edvel manuten\u00e7\u00e3o.\u00a0<\/span><\/p>\n<p><span>O conflito tamb\u00e9m tem pressionado uma alta no valor do petr\u00f3leo para mais de US$100 por barril, que era cotado entre US$60 e US$70 anteriormente.<\/span><\/p>\n<h2>\u2018Superquarta\u2019<\/h2>\n<p><span>Al\u00e9m do an\u00fancio feito pelo Banco Central, o Fed divulgou que a taxa de juros do pa\u00eds deve se manter inalterada na faixa de 3,50% a 3,75% ao ano, menor n\u00edvel desde setembro de 2022. O Banco havia interrompido o ciclo de tr\u00eas cortes seguidos em 28 de janeiro.<\/span><\/p>\n<p class=\"jota-cta\"><a href=\"https:\/\/conteudo.jota.info\/marketing-lp-newsletter-ultimas-noticias?utm_source=jota&amp;utm_medium=lp&amp;utm_campaign=23-09-2024-jota-lp-eleicoes-2024-eleicoes-2024-none-audiencias-none&amp;utm_content=eleicoes-2024&amp;utm_term=none\"><span>Assine gratuitamente a newsletter \u00daltimas Not\u00edcias do <span class=\"jota\">JOTA<\/span> e receba as principais not\u00edcias jur\u00eddicas e pol\u00edticas do dia no seu email<\/span><\/a><\/p>\n<p><span>O Fed destacou as incertezas provocadas pela guerra no Oriente M\u00e9dio e, consequentemente, a disparada do pre\u00e7o do barril de petr\u00f3leo. Apesar do cen\u00e1rio incerto, autoridades do Fed mantiveram a previs\u00e3o de um corte de 0,25 ponto percentual em 2026.<\/span><\/p>\n<p><span>Em comunicado, o Fomc (Federal Open Market Committee ou Comit\u00ea Federal de Mercado Aberto) afirmou que as \u201cincertezas sobre o cen\u00e1rio econ\u00f4mico permanecem elevadas. As implica\u00e7\u00f5es dos acontecimentos no Oriente M\u00e9dio para a economia dos Estados Unidos s\u00e3o incertas. O Comit\u00ea est\u00e1 atento aos riscos em ambos os lados de seu duplo mandato\u201d.<\/span><\/p>","protected":false},"excerpt":{"rendered":"<p>O Comit\u00ea de Pol\u00edtica Monet\u00e1ria (Copom) do Banco Central (BC) decidiu, nesta quarta-feira (18\/3), reduzir a taxa b\u00e1sica de juros da economia em 0,25 ponto percentual, de 15% para 14,75% ao ano. Esse \u00e9 o primeiro corte de juros em quase dois anos, quando em maio de 2024 o conselho reduziu a taxa Selic de [&hellip;]<\/p>\n","protected":false},"author":0,"featured_media":0,"comment_status":"open","ping_status":"open","sticky":false,"template":"","format":"standard","meta":[],"categories":[1],"tags":[],"_links":{"self":[{"href":"https:\/\/aprimora.site\/carvalhoalmeidaadvogados\/wp-json\/wp\/v2\/posts\/21402"}],"collection":[{"href":"https:\/\/aprimora.site\/carvalhoalmeidaadvogados\/wp-json\/wp\/v2\/posts"}],"about":[{"href":"https:\/\/aprimora.site\/carvalhoalmeidaadvogados\/wp-json\/wp\/v2\/types\/post"}],"replies":[{"embeddable":true,"href":"https:\/\/aprimora.site\/carvalhoalmeidaadvogados\/wp-json\/wp\/v2\/comments?post=21402"}],"version-history":[{"count":0,"href":"https:\/\/aprimora.site\/carvalhoalmeidaadvogados\/wp-json\/wp\/v2\/posts\/21402\/revisions"}],"wp:attachment":[{"href":"https:\/\/aprimora.site\/carvalhoalmeidaadvogados\/wp-json\/wp\/v2\/media?parent=21402"}],"wp:term":[{"taxonomy":"category","embeddable":true,"href":"https:\/\/aprimora.site\/carvalhoalmeidaadvogados\/wp-json\/wp\/v2\/categories?post=21402"},{"taxonomy":"post_tag","embeddable":true,"href":"https:\/\/aprimora.site\/carvalhoalmeidaadvogados\/wp-json\/wp\/v2\/tags?post=21402"}],"curies":[{"name":"wp","href":"https:\/\/api.w.org\/{rel}","templated":true}]}}