{"id":21400,"date":"2026-03-18T15:58:56","date_gmt":"2026-03-18T18:58:56","guid":{"rendered":"https:\/\/aprimora.site\/carvalhoalmeidaadvogados\/2026\/03\/18\/maioria-dos-servicos-digitais-nao-exige-afericao-de-idade-no-cadastro-aponta-estudo\/"},"modified":"2026-03-18T15:58:56","modified_gmt":"2026-03-18T18:58:56","slug":"maioria-dos-servicos-digitais-nao-exige-afericao-de-idade-no-cadastro-aponta-estudo","status":"publish","type":"post","link":"https:\/\/aprimora.site\/carvalhoalmeidaadvogados\/2026\/03\/18\/maioria-dos-servicos-digitais-nao-exige-afericao-de-idade-no-cadastro-aponta-estudo\/","title":{"rendered":"Maioria dos servi\u00e7os digitais n\u00e3o exige aferi\u00e7\u00e3o de idade no cadastro, aponta estudo"},"content":{"rendered":"<p><span>A maioria dos servi\u00e7os digitais no Brasil ainda n\u00e3o exige aferi\u00e7\u00e3o de idade no momento do cadastro, inclusive entre plataformas destinadas a adultos. \u00c9 o que mostra levantamento do CGI.br e do NIC.br, por meio do Cetic.br. Segundo a an\u00e1lise, 21 dos 25 servi\u00e7os avaliados n\u00e3o adotam esse controle inicial. <\/span><span>As exce\u00e7\u00f5es s\u00e3o os plataformas de apostas e de pornografia, que j\u00e1 realizam esse tipo de verifica\u00e7\u00e3o em parte ou no total dos casos.\u00a0<\/span><\/p>\n<p><span>O estudo foi lan\u00e7ado nesta quarta-feira (18\/3), mesmo dia em que o presidente Luiz In\u00e1cio Lula da Silva deve sancionar os decretos regulamentadores do ECA Digital, em cerim\u00f4nia no Pal\u00e1cio do Planalto.<\/span><\/p>\n<p class=\"jota-cta\"><a href=\"https:\/\/conteudo.jota.info\/marketing-lp-newsletter-ultimas-noticias?utm_source=jota&amp;utm_medium=lp&amp;utm_campaign=23-09-2024-jota-lp-eleicoes-2024-eleicoes-2024-none-audiencias-none&amp;utm_content=eleicoes-2024&amp;utm_term=none\"><span>Assine gratuitamente a newsletter \u00daltimas Not\u00edcias do <span class=\"jota\">JOTA<\/span> e receba as principais not\u00edcias jur\u00eddicas e pol\u00edticas do dia no seu email<\/span><\/a><\/p>\n<p><span>A pesquisa tra\u00e7a uma linha de base sobre as pr\u00e1ticas de aferi\u00e7\u00e3o et\u00e1ria antes da entrada em vigor da nova lei. A coleta foi feita entre 10 e 30 de janeiro de 2026, com base em documentos p\u00fablicos, como termos de uso e c\u00f3digos de conduta, e abrangeu 25 servi\u00e7os de categorias como redes sociais, mensageria, IA generativa, jogos, pornografia, apostas e marketplace.<\/span><\/p>\n<p><span>Apesar de a maioria das plataformas n\u00e3o ter checagem et\u00e1ria no cadastro, o levantamento mostra que 18 dos 25 servi\u00e7os j\u00e1 utilizam algum m\u00e9todo de aferi\u00e7\u00e3o de idade, solicitado, geralmente, para acesso de funcionalidades espec\u00edficas. O m\u00e9todo de verifica\u00e7\u00e3o mais comum \u00e9 o uso de documento oficial com foto.<\/span><\/p>\n<p><span>O estudo tamb\u00e9m aponta baixa atua\u00e7\u00e3o proativa das plataformas. Apenas 8 dos 25 servi\u00e7os declaram adotar medidas para identificar usu\u00e1rios abaixo da idade m\u00ednima, e s\u00f3 6 de 25 publicam relat\u00f3rios de transpar\u00eancia com recorte sobre o Brasil.<\/span><\/p>\n<p><span>Como antecipado pelo <span class=\"jota\">JOTA<\/span> no dia 4 deste m\u00eas, o texto do decreto pro\u00edbe recursos que possam causar v\u00edcio em crian\u00e7as e adolescentes, como a reprodu\u00e7\u00e3o autom\u00e1tica de v\u00eddeos e rolagem infinita da tela. A lei prev\u00ea que as empresas adotem mecanismos de identifica\u00e7\u00e3o de idade, em um cronograma que ser\u00e1 divulgado, ainda nesta semana, pela ANPD. A ag\u00eancia ser\u00e1 respons\u00e1vel por garantir a aplica\u00e7\u00e3o da lei.<\/span><\/p>","protected":false},"excerpt":{"rendered":"<p>A maioria dos servi\u00e7os digitais no Brasil ainda n\u00e3o exige aferi\u00e7\u00e3o de idade no momento do cadastro, inclusive entre plataformas destinadas a adultos. \u00c9 o que mostra levantamento do CGI.br e do NIC.br, por meio do Cetic.br. Segundo a an\u00e1lise, 21 dos 25 servi\u00e7os avaliados n\u00e3o adotam esse controle inicial. As exce\u00e7\u00f5es s\u00e3o os plataformas [&hellip;]<\/p>\n","protected":false},"author":0,"featured_media":0,"comment_status":"open","ping_status":"open","sticky":false,"template":"","format":"standard","meta":[],"categories":[1],"tags":[],"_links":{"self":[{"href":"https:\/\/aprimora.site\/carvalhoalmeidaadvogados\/wp-json\/wp\/v2\/posts\/21400"}],"collection":[{"href":"https:\/\/aprimora.site\/carvalhoalmeidaadvogados\/wp-json\/wp\/v2\/posts"}],"about":[{"href":"https:\/\/aprimora.site\/carvalhoalmeidaadvogados\/wp-json\/wp\/v2\/types\/post"}],"replies":[{"embeddable":true,"href":"https:\/\/aprimora.site\/carvalhoalmeidaadvogados\/wp-json\/wp\/v2\/comments?post=21400"}],"version-history":[{"count":0,"href":"https:\/\/aprimora.site\/carvalhoalmeidaadvogados\/wp-json\/wp\/v2\/posts\/21400\/revisions"}],"wp:attachment":[{"href":"https:\/\/aprimora.site\/carvalhoalmeidaadvogados\/wp-json\/wp\/v2\/media?parent=21400"}],"wp:term":[{"taxonomy":"category","embeddable":true,"href":"https:\/\/aprimora.site\/carvalhoalmeidaadvogados\/wp-json\/wp\/v2\/categories?post=21400"},{"taxonomy":"post_tag","embeddable":true,"href":"https:\/\/aprimora.site\/carvalhoalmeidaadvogados\/wp-json\/wp\/v2\/tags?post=21400"}],"curies":[{"name":"wp","href":"https:\/\/api.w.org\/{rel}","templated":true}]}}