{"id":21395,"date":"2026-03-18T15:18:53","date_gmt":"2026-03-18T18:18:53","guid":{"rendered":"https:\/\/aprimora.site\/carvalhoalmeidaadvogados\/?p=21395"},"modified":"2026-03-18T15:18:53","modified_gmt":"2026-03-18T18:18:53","slug":"semana-nacional-da-conciliacao-trabalhista-2026-sera-realizada-de-25-a-29-de-maio-com-abertura-oficial-no-trt-15","status":"publish","type":"post","link":"https:\/\/aprimora.site\/carvalhoalmeidaadvogados\/2026\/03\/18\/semana-nacional-da-conciliacao-trabalhista-2026-sera-realizada-de-25-a-29-de-maio-com-abertura-oficial-no-trt-15\/","title":{"rendered":"Semana Nacional da Concilia\u00e7\u00e3o Trabalhista 2026 ser\u00e1 realizada de 25 a 29 de maio com abertura oficial no TRT-15"},"content":{"rendered":"<p><span>Semana Nacional da Concilia\u00e7\u00e3o Trabalhista 2026 ser\u00e1 realizada de 25 a 29 de maio com abertura oficial no TRT-15<\/span><\/p>\n<div>  <a href=\"https:\/\/trt15.jus.br\/noticia\/2026\/semana-nacional-da-conciliacao-trabalhista-2026-sera-realizada-de-25-29-de-maio-com\"><\/a>\n<\/div>\n<p><span><span>anasiqueira<\/span><\/span><\/p>\n<p><span>Qua, 18\/03\/2026 &#8211; 12:18<\/span><\/p>\n<div>\n<div>Semana Nacional da Concilia\u00e7\u00e3o Trabalhista 2026 ser\u00e1 realizada de 25 a 29 de maio com abertura oficial no TRT-15<\/div>\n<\/div>\n<div>\n<div class=\"visually-hidden\">Conte\u00fado da Not\u00edcia<\/div>\n<div>\n<p>A Justi\u00e7a do Trabalho realizar\u00e1, de 25 a 29 de maio, a Semana Nacional da Concilia\u00e7\u00e3o Trabalhista 2026, mobiliza\u00e7\u00e3o anual que re\u00fane tribunais de todo o pa\u00eds para estimular a solu\u00e7\u00e3o consensual de conflitos trabalhistas. Neste ano, o evento ter\u00e1 como slogan \u201cUm acordo muda o jogo\u201d, com identidade visual inspirada no universo do futebol, em refer\u00eancia ao ano de Copa do Mundo.<\/p>\n<p>A abertura nacional da iniciativa ser\u00e1 realizada no Tribunal Regional do Trabalho da 15\u00aa Regi\u00e3o, reunindo autoridades da Justi\u00e7a do Trabalho e representantes de institui\u00e7\u00f5es, de empresas, de sindicatos e da sociedade civil em geral. A escolha do TRT-15 para sediar o lan\u00e7amento refor\u00e7a o protagonismo do tribunal na pol\u00edtica de tratamento adequado de conflitos e na promo\u00e7\u00e3o da cultura da concilia\u00e7\u00e3o.<\/p>\n<p>Durante a semana, Varas do Trabalho e Centros Judici\u00e1rios de M\u00e9todos Consensuais de Solu\u00e7\u00e3o de Disputas (Cejuscs-JT) da jurisdi\u00e7\u00e3o da 15\u00aa Regi\u00e3o intensificar\u00e3o a realiza\u00e7\u00e3o de audi\u00eancias conciliat\u00f3rias, em um esfor\u00e7o concentrado para ampliar o n\u00famero de acordos e garantir solu\u00e7\u00f5es mais r\u00e1pidas e efetivas para trabalhadores e empregadores.<\/p>\n<p>Para a presidente do TRT-15 e coordenadora do N\u00facleo Permanente de M\u00e9todos Consensuais de Solu\u00e7\u00e3o de Disputas (Nupemec-JT), desembargadora Ana Paula Pellegrina Lockmann, a concilia\u00e7\u00e3o representa uma das formas mais eficazes de concretizar direitos e promover a pacifica\u00e7\u00e3o social. \u201cA concilia\u00e7\u00e3o est\u00e1 na ess\u00eancia da Justi\u00e7a do Trabalho. Ao estimular o di\u00e1logo e a constru\u00e7\u00e3o conjunta de solu\u00e7\u00f5es, conseguimos encerrar conflitos de forma mais c\u00e9lere, efetiva e equilibrada para todas as partes\u201d, afirma a presidente.<\/p>\n<p><strong>Como participar<\/strong><\/p>\n<p>Trabalhadores e empregadores com a\u00e7\u00f5es em tr\u00e2mite em qualquer fase processual no TRT-15 podem solicitar a participa\u00e7\u00e3o na Semana Nacional da Concilia\u00e7\u00e3o Trabalhista. Para isso, basta procurar a <a href=\"https:\/\/trt15.jus.br\/contato\/informacoes-das-varas\">Vara do Trabalho <\/a>mais pr\u00f3xima ou entrar em contato com os <a href=\"https:\/\/trt15.jus.br\/conciliar\/cejuscs\">Cejuscs<\/a>, pedindo a inclus\u00e3o do processo na pauta do mutir\u00e3o.\u00a0<\/p>\n<p>A vice-coordenadora do Nupemec-JT, desembargadora Ana Claudia Torres Vianna, destaca que a mobiliza\u00e7\u00e3o nacional amplia a conscientiza\u00e7\u00e3o sobre a import\u00e2ncia do acordo como ferramenta de solu\u00e7\u00e3o de conflitos. \u201cA Semana da Concilia\u00e7\u00e3o Trabalhista \u00e9 um convite para que as partes reflitam sobre a possibilidade de construir solu\u00e7\u00f5es consensuais. Muitas vezes, um acordo representa o caminho mais r\u00e1pido e seguro para encerrar o processo e garantir a satisfa\u00e7\u00e3o do direito, restaurando as rela\u00e7\u00f5es de trabalho\u201d, observa.<\/p>\n<p>No mesmo sentido, o vice-coordenador do N\u00facleo, desembargador F\u00e1bio Bueno de Aguiar, ressalta que a iniciativa fortalece a cultura do di\u00e1logo no \u00e2mbito das rela\u00e7\u00f5es de trabalho. \u201cA concilia\u00e7\u00e3o permite que as pr\u00f3prias partes participem ativamente da constru\u00e7\u00e3o da solu\u00e7\u00e3o do conflito, com seguran\u00e7a jur\u00eddica e acompanhamento da Justi\u00e7a do Trabalho. \u00c9 uma pr\u00e1tica que valoriza o di\u00e1logo e contribui para a pacifica\u00e7\u00e3o social\u201d, afirma.<\/p>\n<p><strong>Mobiliza\u00e7\u00e3o nacional<\/strong><\/p>\n<p>Coordenada nacionalmente pela Vice-Presid\u00eancia do Tribunal Superior do Trabalho (TST) e do Conselho Superior da Justi\u00e7a do Trabalho (CSJT), a Semana Nacional da Concilia\u00e7\u00e3o Trabalhista chega \u00e0 10\u00aa edi\u00e7\u00e3o em 2026, consolidando-se como uma das principais iniciativas da Justi\u00e7a do Trabalho para incentivar solu\u00e7\u00f5es consensuais. Segundo o vice-presidente do TST e do CSJT, ministro Caputo Bastos, que coordena a Comiss\u00e3o Nacional de Promo\u00e7\u00e3o \u00e0 Concilia\u00e7\u00e3o, a Semana Nacional da Concilia\u00e7\u00e3o Trabalhista s\u00f3 reafirma o compromisso da Justi\u00e7a do Trabalho com o di\u00e1logo e com a pacifica\u00e7\u00e3o social. \u201cAssim como no futebol, a concilia\u00e7\u00e3o \u00e9 uma constru\u00e7\u00e3o coletiva que depende do empenho de todos que est\u00e3o em campo para conseguir o objetivo: a solu\u00e7\u00e3o final de um processo\u201d, destaca.<\/p>\n<p>Na edi\u00e7\u00e3o anterior, a mobiliza\u00e7\u00e3o registrou resultados recordes: mais de 472 mil pessoas atendidas, cerca de 100,7 mil audi\u00eancias realizadas e 34,5 mil acordos firmados, com movimenta\u00e7\u00e3o superior a R$ 2 bilh\u00f5es. Com arrecada\u00e7\u00e3o de R$ 297,1 milh\u00f5es, o TRT-15 confirmou, pela terceira vez consecutiva, a lideran\u00e7a nacional do evento. Foram realizadas 12.577 audi\u00eancias, com 4.443 processos conciliados, R$ 267,5 milh\u00f5es homologados aos reclamantes e 59.559 pessoas atendidas em 2025, que ocorreu entre os dias 26 e 30 de maio. Os valores totais incluem ainda R$ 15,5 milh\u00f5es em recolhimentos ao INSS e R$ 14 milh\u00f5es em Imposto de Renda.<\/p>\n<p>Os n\u00fameros refor\u00e7am a import\u00e2ncia da concilia\u00e7\u00e3o como instrumento de celeridade processual, redu\u00e7\u00e3o de custos e preserva\u00e7\u00e3o das rela\u00e7\u00f5es de trabalho, objetivos que tamb\u00e9m orientam a campanha deste ano.<\/p>\n<p>Com informa\u00e7\u00f5es do CSJT<\/p>\n<\/div><\/div>\n<div>\n<div>Unidade Respons\u00e1vel:<\/div>\n<div>Comunica\u00e7\u00e3o Social<\/div>\n<\/div>\n<div>Qua, 18\/03\/2026 &#8211; 12:18<\/div>\n<p>      <span class=\"a2a_kit a2a_kit_size_16 addtoany_list\"><a class=\"a2a_dd addtoany_share\" href=\"https:\/\/www.addtoany.com\/share#url=https%3A%2F%2Ftrt15.jus.br%2Fnoticia%2F2026%2Fsemana-nacional-da-conciliacao-trabalhista-2026-sera-realizada-de-25-29-de-maio-com&amp;title=Semana%20Nacional%20da%20Concilia%C3%A7%C3%A3o%20Trabalhista%202026%20ser%C3%A1%20realizada%20de%2025%20a%2029%20de%20maio%20com%20abertura%20oficial%20no%20TRT-15\"><\/a><a class=\"a2a_button_whatsapp\"><\/a><a class=\"a2a_button_google_gmail\"><\/a><a class=\"a2a_button_twitter\"><\/a><a class=\"a2a_button_facebook\"><\/a><a class=\"a2a_button_linkedin\"><\/a><\/span><\/p>","protected":false},"excerpt":{"rendered":"<p>Semana Nacional da Concilia\u00e7\u00e3o Trabalhista 2026 ser\u00e1 realizada de 25 a 29 de maio com abertura oficial no TRT-15 anasiqueira Qua, 18\/03\/2026 &#8211; 12:18 Semana Nacional da Concilia\u00e7\u00e3o Trabalhista 2026 ser\u00e1 realizada de 25 a 29 de maio com abertura oficial no TRT-15 Conte\u00fado da Not\u00edcia A Justi\u00e7a do Trabalho realizar\u00e1, de 25 a 29 [&hellip;]<\/p>\n","protected":false},"author":0,"featured_media":21396,"comment_status":"open","ping_status":"open","sticky":false,"template":"","format":"standard","meta":[],"categories":[1],"tags":[],"_links":{"self":[{"href":"https:\/\/aprimora.site\/carvalhoalmeidaadvogados\/wp-json\/wp\/v2\/posts\/21395"}],"collection":[{"href":"https:\/\/aprimora.site\/carvalhoalmeidaadvogados\/wp-json\/wp\/v2\/posts"}],"about":[{"href":"https:\/\/aprimora.site\/carvalhoalmeidaadvogados\/wp-json\/wp\/v2\/types\/post"}],"replies":[{"embeddable":true,"href":"https:\/\/aprimora.site\/carvalhoalmeidaadvogados\/wp-json\/wp\/v2\/comments?post=21395"}],"version-history":[{"count":0,"href":"https:\/\/aprimora.site\/carvalhoalmeidaadvogados\/wp-json\/wp\/v2\/posts\/21395\/revisions"}],"wp:featuredmedia":[{"embeddable":true,"href":"https:\/\/aprimora.site\/carvalhoalmeidaadvogados\/wp-json\/wp\/v2\/media\/21396"}],"wp:attachment":[{"href":"https:\/\/aprimora.site\/carvalhoalmeidaadvogados\/wp-json\/wp\/v2\/media?parent=21395"}],"wp:term":[{"taxonomy":"category","embeddable":true,"href":"https:\/\/aprimora.site\/carvalhoalmeidaadvogados\/wp-json\/wp\/v2\/categories?post=21395"},{"taxonomy":"post_tag","embeddable":true,"href":"https:\/\/aprimora.site\/carvalhoalmeidaadvogados\/wp-json\/wp\/v2\/tags?post=21395"}],"curies":[{"name":"wp","href":"https:\/\/api.w.org\/{rel}","templated":true}]}}