{"id":21355,"date":"2026-03-17T13:19:30","date_gmt":"2026-03-17T16:19:30","guid":{"rendered":"https:\/\/aprimora.site\/carvalhoalmeidaadvogados\/2026\/03\/17\/tarcisio-tebet-e-alckmin-na-disputa-pelo-espolio-eleitoral-do-psdb\/"},"modified":"2026-03-17T13:19:30","modified_gmt":"2026-03-17T16:19:30","slug":"tarcisio-tebet-e-alckmin-na-disputa-pelo-espolio-eleitoral-do-psdb","status":"publish","type":"post","link":"https:\/\/aprimora.site\/carvalhoalmeidaadvogados\/2026\/03\/17\/tarcisio-tebet-e-alckmin-na-disputa-pelo-espolio-eleitoral-do-psdb\/","title":{"rendered":"Tarc\u00edsio, Tebet e Alckmin na disputa pelo esp\u00f3lio eleitoral do PSDB"},"content":{"rendered":"<p><span>Na defini\u00e7\u00e3o cl\u00e1ssica, esp\u00f3lio \u00e9 o conjunto de todos os bens deixados por um falecido. O <a href=\"https:\/\/www.jota.info\/tudo-sobre\/psdb\">PSDB<\/a> permanece vivo, por\u00e9m, politicamente, segue definhando em ritmo acelerado. Para os mais pessimistas ou pragm\u00e1ticos, o partido est\u00e1 em estado terminal, o que acaba legitimando a disputa pelas fatias do eleitorado que ainda se identificam com os outrora t\u00e3o poderosos \u201ctucanos\u201d.<\/span><\/p>\n<p><span>Em S\u00e3o Paulo, onde o PSDB reinou, seu esp\u00f3lio eleitoral neste in\u00edcio de 2026 foi quantificado pela mais recente pesquisa Datafolha entre 4% e 7%, a depender dos cen\u00e1rios apresentados. S\u00e3o os entrevistados que dizem ter inten\u00e7\u00e3o de votar em Paulo Serra, presidente estadual do partido tucano e pr\u00e9-candidato ao Pal\u00e1cio dos Bandeirantes.\u00a0<\/span><\/p>\n<p class=\"jota-cta\"><a href=\"https:\/\/www.jota.info\/produtos\/poder?utm_source=cta-site&amp;utm_medium=site&amp;utm_campaign=campanha_poder_q2&amp;utm_id=cta_texto_poder_q2_2023&amp;utm_term=cta_texto_poder&amp;utm_term=cta_texto_poder_meio_materias\"><span>Conhe\u00e7a o <span class=\"jota\">JOTA<\/span> PRO Poder, plataforma de monitoramento que oferece transpar\u00eancia e previsibilidade para empresas<\/span><\/a><\/p>\n<p><span>\u00c9 neste ponto que os pessimistas se separam dos pragm\u00e1ticos. Os primeiros dizem que isso \u00e9 pouco, quase uma vergonha para um partido que j\u00e1 governou o estado por oito mandatos. Os pragm\u00e1ticos, por\u00e9m, sabem que, com base na mesma pesquisa Datafolha, os resilientes simpatizantes do PSDB podem ter papel decisivo na elei\u00e7\u00e3o em S\u00e3o Paulo.<\/span><\/p>\n<p><span>Segundo a pesquisa, o governador Tarc\u00edsio de Freitas (Republicanos) lidera em todos os cen\u00e1rios, com taxas de inten\u00e7\u00e3o de voto superiores a 40%, e, segundo seus aliados e estrategistas, trabalhar\u00e1 para vencer ainda no primeiro turno. N\u00e3o por outro motivo, atua para formar uma ampla alian\u00e7a que isole ainda mais seus opositores.\u00a0<\/span><\/p>\n<p><span>Lula e o PT sabem dessa possibilidade e da import\u00e2ncia do legado tucano (mais at\u00e9 do que de seu esp\u00f3lio eleitoral) no imagin\u00e1rio de um estado que, desde a redemocratiza\u00e7\u00e3o, foi predominantemente comandado pelo grupo pol\u00edtico formado, durante o bipartidarismo da ditadura militar, no MDB de Franco Montoro, Orestes Qu\u00e9rcia, Fernando Henrique Cardoso, Jos\u00e9 Serra, M\u00e1rio Covas e Geraldo Alckmin.<\/span><\/p>\n<p><span>Nesse cen\u00e1rio, os quadros pol\u00edticos e, principalmente, os simpatizantes do PSDB s\u00e3o disputados por Tarc\u00edsio e pelo campo petista e lulista. Recentemente, o governador se reuniu com o deputado federal A\u00e9cio Neves (MG), presidente nacional do partido, e com Paulo Serra no Pal\u00e1cio dos Bandeirantes. Fez refer\u00eancias a Covas (1930-2001) e prometeu dar uma ajuda aos tucanos em seu plano de sobreviv\u00eancia.<\/span><\/p>\n<p><span>Se tirar o PSDB do jogo j\u00e1 na primeira fase e aloj\u00e1-lo em sua coliga\u00e7\u00e3o, Tarc\u00edsio estar\u00e1 dando um importante passo para definir a elei\u00e7\u00e3o no primeiro turno. \u00c9 uma manobra arrojada, que, se bem executada, eliminar\u00e1 o terceiro colocado na elei\u00e7\u00e3o de 2022.\u00a0<\/span><\/p>\n<p><span>Do outro lado, a campanha de Fernando Haddad (PT) ao Pal\u00e1cio dos Bandeirantes aposta quase todas as suas fichas em Alckmin e em Simone Tebet. Fundador do PSDB, o vice de Lula foi governador de S\u00e3o Paulo pelo partido por quatro mandatos.\u00a0 A ministra do Planejamento, que nunca foi petista, tem o \u201cphysique du r\u00f4le\u201d (perfil ideal) para agradar o saudoso eleitor tucano do estado, especialmente o do interior, e furar a \u201cbola esquerdista\u201d.<\/span><\/p>\n<p><span>Alckmin (hoje no PSB) n\u00e3o dever\u00e1 concorrer a nenhum cargo por S\u00e3o Paulo. No entanto, repaginado e fortalecido ap\u00f3s tr\u00eas anos como ministro e vice-presidente, tem sido apontado pelos estrategistas do PT como o grande \u201ccabo eleitoral\u201d de Haddad. Tebet disputar\u00e1 o Senado na chapa encabe\u00e7ada pelo petista e, em sua primeira entrevista como pr\u00e9-candidata, frisou que atende a um pedido feito n\u00e3o apenas pelo presidente Lula, mas, tamb\u00e9m, por seu vice-presidente, profundo conhecedor do eleitorado do estado.<\/span><\/p>\n<p><span>Ou seja, se, ao menos por ora, o campo petista-lulista n\u00e3o possui di\u00e1logos fluidos com a c\u00fapula do PSDB, a dupla Alckmin e Tebet tentar\u00e1 falar ao cora\u00e7\u00e3o dos eleitores do partido na busca de levar a elei\u00e7\u00e3o para o segundo turno, o que manteria o maior col\u00e9gio eleitoral do pa\u00eds conectado \u00e0 disputa nacional, atualmente polarizada entre Lula e Fl\u00e1vio Bolsonaro (PL), o candidato de Tarc\u00edsio.<\/span><\/p>\n<p><span>Cen\u00e1rio nacional \u00e0 parte, se quiser vencer, <a href=\"https:\/\/www.jota.info\/opiniao-e-analise\/colunas\/coluna-do-bombig\/numeros-do-datafolha-mostram-cenario-sombrio-para-haddad-em-sp\">Haddad, em segundo lugar na pesquisa<\/a>, ter\u00e1 de planejar sua estrat\u00e9gia em dois tempos: no primeiro, for\u00e7ar para que a elei\u00e7\u00e3o chegue ao segundo turno; na fase decisiva, tentar zerar o placar e jogar para vencer. O eleitor do PSDB pode ser fundamental nos dois casos.\u00a0\u00a0<\/span><\/p>\n<p><span>Ciente dessa import\u00e2ncia, o grupo de Tarc\u00edsio acena aos tucanos com postos, em eventual futuro governo, capazes de dar ao PSDB condi\u00e7\u00f5es de se manter vivo e voltar a crescer. Os estrategistas de Haddad contra-argumentam que o governador e Gilberto Kassab, presidente nacional do PSD e secret\u00e1rio estadual de Governo, pretendem apenas prosseguir com o processo de fagocita\u00e7\u00e3o dos tucanos de S\u00e3o Paulo.<\/span><\/p>\n<p><span>Quando falar para os eleitores, o grupo de Tarc\u00edsio lembrar\u00e1 que o PT sempre foi um inimigo do PSDB no estado e se apresentar\u00e1 como herdeiro natural da tradi\u00e7\u00e3o iniciada por M\u00e1rio Covas, com quem o atual governador se identifica. Os aliados de Lula refor\u00e7ar\u00e3o que o ex-ministro de Jair Bolsonaro \u00e9 um \u201cbolsonarista\u201d disfar\u00e7ado de tucano e que, se h\u00e1 um herdeiro do legado de Covas, ele \u00e9 Geraldo Alckmin.\u00a0\u00a0\u00a0\u00a0<\/span><\/p>\n<p><span>Assim, o agonizante PSDB, j\u00e1 muito pranteado por vi\u00favos e vi\u00favas saudosos do tempo em que o partido comandava importantes m\u00e1quinas pol\u00edticas e administrativas, seguir\u00e1 vivo ao menos at\u00e9 a elei\u00e7\u00e3o, tentando diferenciar o beija-flor do urubu em sua luta pela sobreviv\u00eancia.<\/span><\/p>\n<p class=\"jota-cta\"><a href=\"https:\/\/conteudo.jota.info\/marketing-lp-newsletter-ultimas-noticias?utm_source=jota&amp;utm_medium=lp&amp;utm_campaign=23-09-2024-jota-lp-eleicoes-2024-eleicoes-2024-none-audiencias-none&amp;utm_content=eleicoes-2024&amp;utm_term=none\"><span>Assine gratuitamente a newsletter \u00daltimas Not\u00edcias do <span class=\"jota\">JOTA<\/span> e receba as principais not\u00edcias jur\u00eddicas e pol\u00edticas do dia no seu email<\/span><\/a><\/p>\n<h2><span>Caminho das pedras<\/span><\/h2>\n<p><span>Um profundo conhecedor de disputas para o Senado faz um alerta: Simone Tebet n\u00e3o poder\u00e1 ficar apenas a reboque de Alckmin em S\u00e3o Paulo, ter\u00e1 de colar sua imagem no candidato a presidente, Lula, e a governador, Haddad. Caso contr\u00e1rio, ficar\u00e1 sem perfil definido em busca de votos de centro.<\/span><\/p>\n<h2><span>Caminho das pedras 2<\/span><\/h2>\n<p><span>No esfor\u00e7o para manter unido o grupo que lhe d\u00e1 sustenta\u00e7\u00e3o, Tarc\u00edsio freou, ao menos por ora, as investidas de Valdemar Costa Neto para emplacar um vice do PL em sua chapa \u00e0 reelei\u00e7\u00e3o. A vaga deve continuar com o PSD. Resta saber se com Fel\u00edcio Ramuth ou Gilberto Kassab, que n\u00e3o estar\u00e1 fora do jogo.<\/span><\/p>","protected":false},"excerpt":{"rendered":"<p>Na defini\u00e7\u00e3o cl\u00e1ssica, esp\u00f3lio \u00e9 o conjunto de todos os bens deixados por um falecido. O PSDB permanece vivo, por\u00e9m, politicamente, segue definhando em ritmo acelerado. Para os mais pessimistas ou pragm\u00e1ticos, o partido est\u00e1 em estado terminal, o que acaba legitimando a disputa pelas fatias do eleitorado que ainda se identificam com os outrora [&hellip;]<\/p>\n","protected":false},"author":0,"featured_media":0,"comment_status":"open","ping_status":"open","sticky":false,"template":"","format":"standard","meta":[],"categories":[1],"tags":[],"_links":{"self":[{"href":"https:\/\/aprimora.site\/carvalhoalmeidaadvogados\/wp-json\/wp\/v2\/posts\/21355"}],"collection":[{"href":"https:\/\/aprimora.site\/carvalhoalmeidaadvogados\/wp-json\/wp\/v2\/posts"}],"about":[{"href":"https:\/\/aprimora.site\/carvalhoalmeidaadvogados\/wp-json\/wp\/v2\/types\/post"}],"replies":[{"embeddable":true,"href":"https:\/\/aprimora.site\/carvalhoalmeidaadvogados\/wp-json\/wp\/v2\/comments?post=21355"}],"version-history":[{"count":0,"href":"https:\/\/aprimora.site\/carvalhoalmeidaadvogados\/wp-json\/wp\/v2\/posts\/21355\/revisions"}],"wp:attachment":[{"href":"https:\/\/aprimora.site\/carvalhoalmeidaadvogados\/wp-json\/wp\/v2\/media?parent=21355"}],"wp:term":[{"taxonomy":"category","embeddable":true,"href":"https:\/\/aprimora.site\/carvalhoalmeidaadvogados\/wp-json\/wp\/v2\/categories?post=21355"},{"taxonomy":"post_tag","embeddable":true,"href":"https:\/\/aprimora.site\/carvalhoalmeidaadvogados\/wp-json\/wp\/v2\/tags?post=21355"}],"curies":[{"name":"wp","href":"https:\/\/api.w.org\/{rel}","templated":true}]}}