{"id":21349,"date":"2026-03-17T10:12:51","date_gmt":"2026-03-17T13:12:51","guid":{"rendered":"https:\/\/aprimora.site\/carvalhoalmeidaadvogados\/2026\/03\/17\/constitucionalizacao-e-flexibilizacao-do-procedimento-marcam-abertura-de-evento-sobre-os-dez-anos-do-cpc\/"},"modified":"2026-03-17T10:12:51","modified_gmt":"2026-03-17T13:12:51","slug":"constitucionalizacao-e-flexibilizacao-do-procedimento-marcam-abertura-de-evento-sobre-os-dez-anos-do-cpc","status":"publish","type":"post","link":"https:\/\/aprimora.site\/carvalhoalmeidaadvogados\/2026\/03\/17\/constitucionalizacao-e-flexibilizacao-do-procedimento-marcam-abertura-de-evento-sobre-os-dez-anos-do-cpc\/","title":{"rendered":"Constitucionaliza\u00e7\u00e3o e flexibiliza\u00e7\u00e3o do procedimento marcam abertura de evento sobre os dez anos do CPC"},"content":{"rendered":"<p>Constitucionaliza\u00e7\u00e3o e flexibiliza\u00e7\u00e3o do procedimento marcam abertura de evento sobre os dez anos do CPC<\/p>","protected":false},"excerpt":{"rendered":"<p>Constitucionaliza\u00e7\u00e3o e flexibiliza\u00e7\u00e3o do procedimento marcam abertura de evento sobre os dez anos do CPC<\/p>\n","protected":false},"author":0,"featured_media":0,"comment_status":"open","ping_status":"open","sticky":false,"template":"","format":"standard","meta":[],"categories":[1],"tags":[],"_links":{"self":[{"href":"https:\/\/aprimora.site\/carvalhoalmeidaadvogados\/wp-json\/wp\/v2\/posts\/21349"}],"collection":[{"href":"https:\/\/aprimora.site\/carvalhoalmeidaadvogados\/wp-json\/wp\/v2\/posts"}],"about":[{"href":"https:\/\/aprimora.site\/carvalhoalmeidaadvogados\/wp-json\/wp\/v2\/types\/post"}],"replies":[{"embeddable":true,"href":"https:\/\/aprimora.site\/carvalhoalmeidaadvogados\/wp-json\/wp\/v2\/comments?post=21349"}],"version-history":[{"count":0,"href":"https:\/\/aprimora.site\/carvalhoalmeidaadvogados\/wp-json\/wp\/v2\/posts\/21349\/revisions"}],"wp:attachment":[{"href":"https:\/\/aprimora.site\/carvalhoalmeidaadvogados\/wp-json\/wp\/v2\/media?parent=21349"}],"wp:term":[{"taxonomy":"category","embeddable":true,"href":"https:\/\/aprimora.site\/carvalhoalmeidaadvogados\/wp-json\/wp\/v2\/categories?post=21349"},{"taxonomy":"post_tag","embeddable":true,"href":"https:\/\/aprimora.site\/carvalhoalmeidaadvogados\/wp-json\/wp\/v2\/tags?post=21349"}],"curies":[{"name":"wp","href":"https:\/\/api.w.org\/{rel}","templated":true}]}}