{"id":21346,"date":"2026-03-17T10:12:51","date_gmt":"2026-03-17T13:12:51","guid":{"rendered":"https:\/\/aprimora.site\/carvalhoalmeidaadvogados\/2026\/03\/17\/seminario-sobre-o-cpc-termina-com-palestra-de-gilmar-mendes-e-debates-sobre-autocomposicao-e-honorarios\/"},"modified":"2026-03-17T10:12:51","modified_gmt":"2026-03-17T13:12:51","slug":"seminario-sobre-o-cpc-termina-com-palestra-de-gilmar-mendes-e-debates-sobre-autocomposicao-e-honorarios","status":"publish","type":"post","link":"https:\/\/aprimora.site\/carvalhoalmeidaadvogados\/2026\/03\/17\/seminario-sobre-o-cpc-termina-com-palestra-de-gilmar-mendes-e-debates-sobre-autocomposicao-e-honorarios\/","title":{"rendered":"Semin\u00e1rio sobre o CPC termina com palestra de Gilmar Mendes e debates sobre autocomposi\u00e7\u00e3o e honor\u00e1rios"},"content":{"rendered":"<p>Semin\u00e1rio sobre o CPC termina com palestra de Gilmar Mendes e debates sobre autocomposi\u00e7\u00e3o e honor\u00e1rios<\/p>","protected":false},"excerpt":{"rendered":"<p>Semin\u00e1rio sobre o CPC termina com palestra de Gilmar Mendes e debates sobre autocomposi\u00e7\u00e3o e honor\u00e1rios<\/p>\n","protected":false},"author":0,"featured_media":0,"comment_status":"open","ping_status":"open","sticky":false,"template":"","format":"standard","meta":[],"categories":[1],"tags":[],"_links":{"self":[{"href":"https:\/\/aprimora.site\/carvalhoalmeidaadvogados\/wp-json\/wp\/v2\/posts\/21346"}],"collection":[{"href":"https:\/\/aprimora.site\/carvalhoalmeidaadvogados\/wp-json\/wp\/v2\/posts"}],"about":[{"href":"https:\/\/aprimora.site\/carvalhoalmeidaadvogados\/wp-json\/wp\/v2\/types\/post"}],"replies":[{"embeddable":true,"href":"https:\/\/aprimora.site\/carvalhoalmeidaadvogados\/wp-json\/wp\/v2\/comments?post=21346"}],"version-history":[{"count":0,"href":"https:\/\/aprimora.site\/carvalhoalmeidaadvogados\/wp-json\/wp\/v2\/posts\/21346\/revisions"}],"wp:attachment":[{"href":"https:\/\/aprimora.site\/carvalhoalmeidaadvogados\/wp-json\/wp\/v2\/media?parent=21346"}],"wp:term":[{"taxonomy":"category","embeddable":true,"href":"https:\/\/aprimora.site\/carvalhoalmeidaadvogados\/wp-json\/wp\/v2\/categories?post=21346"},{"taxonomy":"post_tag","embeddable":true,"href":"https:\/\/aprimora.site\/carvalhoalmeidaadvogados\/wp-json\/wp\/v2\/tags?post=21346"}],"curies":[{"name":"wp","href":"https:\/\/api.w.org\/{rel}","templated":true}]}}