{"id":21345,"date":"2026-03-17T08:59:37","date_gmt":"2026-03-17T11:59:37","guid":{"rendered":"https:\/\/aprimora.site\/carvalhoalmeidaadvogados\/2026\/03\/17\/novo-sistema-de-autenticacao-traz-mais-seguranca-para-a-central-do-processo-eletronico\/"},"modified":"2026-03-17T08:59:37","modified_gmt":"2026-03-17T11:59:37","slug":"novo-sistema-de-autenticacao-traz-mais-seguranca-para-a-central-do-processo-eletronico","status":"publish","type":"post","link":"https:\/\/aprimora.site\/carvalhoalmeidaadvogados\/2026\/03\/17\/novo-sistema-de-autenticacao-traz-mais-seguranca-para-a-central-do-processo-eletronico\/","title":{"rendered":"Novo sistema de autentica\u00e7\u00e3o traz mais seguran\u00e7a para a Central do Processo Eletr\u00f4nico"},"content":{"rendered":"<p>Novo sistema de autentica\u00e7\u00e3o traz mais seguran\u00e7a para a Central do Processo Eletr\u00f4nico<\/p>","protected":false},"excerpt":{"rendered":"<p>Novo sistema de autentica\u00e7\u00e3o traz mais seguran\u00e7a para a Central do Processo Eletr\u00f4nico<\/p>\n","protected":false},"author":0,"featured_media":0,"comment_status":"open","ping_status":"open","sticky":false,"template":"","format":"standard","meta":[],"categories":[1],"tags":[],"_links":{"self":[{"href":"https:\/\/aprimora.site\/carvalhoalmeidaadvogados\/wp-json\/wp\/v2\/posts\/21345"}],"collection":[{"href":"https:\/\/aprimora.site\/carvalhoalmeidaadvogados\/wp-json\/wp\/v2\/posts"}],"about":[{"href":"https:\/\/aprimora.site\/carvalhoalmeidaadvogados\/wp-json\/wp\/v2\/types\/post"}],"replies":[{"embeddable":true,"href":"https:\/\/aprimora.site\/carvalhoalmeidaadvogados\/wp-json\/wp\/v2\/comments?post=21345"}],"version-history":[{"count":0,"href":"https:\/\/aprimora.site\/carvalhoalmeidaadvogados\/wp-json\/wp\/v2\/posts\/21345\/revisions"}],"wp:attachment":[{"href":"https:\/\/aprimora.site\/carvalhoalmeidaadvogados\/wp-json\/wp\/v2\/media?parent=21345"}],"wp:term":[{"taxonomy":"category","embeddable":true,"href":"https:\/\/aprimora.site\/carvalhoalmeidaadvogados\/wp-json\/wp\/v2\/categories?post=21345"},{"taxonomy":"post_tag","embeddable":true,"href":"https:\/\/aprimora.site\/carvalhoalmeidaadvogados\/wp-json\/wp\/v2\/tags?post=21345"}],"curies":[{"name":"wp","href":"https:\/\/api.w.org\/{rel}","templated":true}]}}