{"id":21343,"date":"2026-03-17T07:59:19","date_gmt":"2026-03-17T10:59:19","guid":{"rendered":"https:\/\/aprimora.site\/carvalhoalmeidaadvogados\/2026\/03\/17\/repetitivo-decidira-se-prescricao-do-fundo-de-direito-exige-negativa-expressa-da-administracao-publica\/"},"modified":"2026-03-17T07:59:19","modified_gmt":"2026-03-17T10:59:19","slug":"repetitivo-decidira-se-prescricao-do-fundo-de-direito-exige-negativa-expressa-da-administracao-publica","status":"publish","type":"post","link":"https:\/\/aprimora.site\/carvalhoalmeidaadvogados\/2026\/03\/17\/repetitivo-decidira-se-prescricao-do-fundo-de-direito-exige-negativa-expressa-da-administracao-publica\/","title":{"rendered":"Repetitivo decidir\u00e1 se prescri\u00e7\u00e3o do fundo de direito exige negativa expressa da administra\u00e7\u00e3o p\u00fablica"},"content":{"rendered":"<p>Repetitivo decidir\u00e1 se prescri\u00e7\u00e3o do fundo de direito exige negativa expressa da administra\u00e7\u00e3o p\u00fablica<\/p>","protected":false},"excerpt":{"rendered":"<p>Repetitivo decidir\u00e1 se prescri\u00e7\u00e3o do fundo de direito exige negativa expressa da administra\u00e7\u00e3o p\u00fablica<\/p>\n","protected":false},"author":0,"featured_media":0,"comment_status":"open","ping_status":"open","sticky":false,"template":"","format":"standard","meta":[],"categories":[1],"tags":[],"_links":{"self":[{"href":"https:\/\/aprimora.site\/carvalhoalmeidaadvogados\/wp-json\/wp\/v2\/posts\/21343"}],"collection":[{"href":"https:\/\/aprimora.site\/carvalhoalmeidaadvogados\/wp-json\/wp\/v2\/posts"}],"about":[{"href":"https:\/\/aprimora.site\/carvalhoalmeidaadvogados\/wp-json\/wp\/v2\/types\/post"}],"replies":[{"embeddable":true,"href":"https:\/\/aprimora.site\/carvalhoalmeidaadvogados\/wp-json\/wp\/v2\/comments?post=21343"}],"version-history":[{"count":0,"href":"https:\/\/aprimora.site\/carvalhoalmeidaadvogados\/wp-json\/wp\/v2\/posts\/21343\/revisions"}],"wp:attachment":[{"href":"https:\/\/aprimora.site\/carvalhoalmeidaadvogados\/wp-json\/wp\/v2\/media?parent=21343"}],"wp:term":[{"taxonomy":"category","embeddable":true,"href":"https:\/\/aprimora.site\/carvalhoalmeidaadvogados\/wp-json\/wp\/v2\/categories?post=21343"},{"taxonomy":"post_tag","embeddable":true,"href":"https:\/\/aprimora.site\/carvalhoalmeidaadvogados\/wp-json\/wp\/v2\/tags?post=21343"}],"curies":[{"name":"wp","href":"https:\/\/api.w.org\/{rel}","templated":true}]}}