{"id":21338,"date":"2026-03-17T07:59:18","date_gmt":"2026-03-17T10:59:18","guid":{"rendered":"https:\/\/aprimora.site\/carvalhoalmeidaadvogados\/2026\/03\/17\/carf-mantem-cobranca-de-csll-sobre-valores-recebidos-para-a-reforma-do-mineirao\/"},"modified":"2026-03-17T07:59:18","modified_gmt":"2026-03-17T10:59:18","slug":"carf-mantem-cobranca-de-csll-sobre-valores-recebidos-para-a-reforma-do-mineirao","status":"publish","type":"post","link":"https:\/\/aprimora.site\/carvalhoalmeidaadvogados\/2026\/03\/17\/carf-mantem-cobranca-de-csll-sobre-valores-recebidos-para-a-reforma-do-mineirao\/","title":{"rendered":"Carf mant\u00e9m cobran\u00e7a de CSLL sobre valores recebidos para a reforma do Mineir\u00e3o"},"content":{"rendered":"<p>Por 4 votos a 2, o Conselho de Administra\u00e7\u00e3o de Recursos Fiscais (<a href=\"https:\/\/www.jota.info\/tudo-sobre\/CARF\">Carf<\/a>) manteve a cobran\u00e7a de Contribui\u00e7\u00e3o Social sobre o Lucro L\u00edquido (<a href=\"https:\/\/www.jota.info\/opiniao-e-analise\/artigos\/csll-o-que-e\">CSLL<\/a>) sobre a totalidade dos valores que a Minas Arena recebeu do estado de Minas Gerais depois de ganhar o processo licitat\u00f3rio para a concess\u00e3o da explora\u00e7\u00e3o do est\u00e1dio Mineir\u00e3o. O est\u00e1dio foi palco da derrota da sele\u00e7\u00e3o brasileira por 7\u00d71 para a Alemanha na semifinal da Copa do Mundo de 2014.<\/p>\n<p>O que estava em discuss\u00e3o era a natureza de parte das remunera\u00e7\u00f5es recebidas pela empresa Minas Arena no in\u00edcio da Parceria P\u00fablico-Privada (<a href=\"https:\/\/www.jota.info\/tudo-sobre\/PPP\">PPP<\/a>). O auto de infra\u00e7\u00e3o apontou exclus\u00f5es supostamente indevidas do lucro real da empresa. De acordo com a fiscaliza\u00e7\u00e3o, todos os valores pagos pelo estado eram receitas da atividade de gest\u00e3o do est\u00e1dio e por isso seriam tribut\u00e1veis.<\/p>\n<p class=\"jota-cta\"><a href=\"https:\/\/www.jota.info\/produtos\/tributos?utm_source=cta-site&amp;utm_medium=site&amp;utm_campaign=campanha_tributos_q2&amp;utm_id=cta_texto_tributos_q2_2023&amp;utm_term=cta_texto_tributos&amp;utm_term=cta_texto_tributos_meio_materias\">Esta reportagem foi antecipada a assinantes <span class=\"jota\">JOTA<\/span> PRO Tributos em 28\/1. Conhe\u00e7a a plataforma do <span class=\"jota\">JOTA<\/span> de monitoramento tribut\u00e1rio para empresas e escrit\u00f3rios, que traz decis\u00f5es e movimenta\u00e7\u00f5es do Carf, STJ e STF<\/a><\/p>\n<p>A defesa da contribuinte, realizada por Bruno Fajersztajn, do Mariz de Oliveira e Siqueira Campos Advogados, argumentou que a exclus\u00e3o questionada foi feita porque aquele valor teria sido um \u201cinvestimento com natureza de subven\u00e7\u00e3o\u201d para a reforma do est\u00e1dio, realizada de 2011 a 2012. Alegou que a adequa\u00e7\u00e3o do Mineir\u00e3o para o \u201cpadr\u00e3o Fifa\u201d (exig\u00eancia para receber jogos da Copa de 2014) era uma obriga\u00e7\u00e3o contratual e etapa necess\u00e1ria para a gest\u00e3o do est\u00e1dio.<\/p>\n<p>Prevaleceu o entendimento do presidente da turma, conselheiro Efig\u00eanio de Freitas J\u00fanior, que votou desfavor\u00e1vel ao contribuinte. O julgador observou que tanto o edital da licita\u00e7\u00e3o quanto o contrato deixaram claro que todos os valores pagos pelo estado seriam remunera\u00e7\u00e3o pelos servi\u00e7os prestados pela contribuinte, sendo a reforma do est\u00e1dio um desses servi\u00e7os.<\/p>\n<p>O relator ressaltou que o custo das obras deveria ser considerado pelos concorrentes da licita\u00e7\u00e3o ao indicarem o valor da concess\u00e3o e a margem operacional desejada durante a gest\u00e3o do Mineir\u00e3o. Freitas finalizou o voto lembrando que o artigo 150, par\u00e1grafo 6\u00ba, da Constitui\u00e7\u00e3o Federal condiciona a concess\u00e3o de subs\u00eddios a edi\u00e7\u00e3o de leis espec\u00edficas. O requisito n\u00e3o teria sido cumprido no caso em an\u00e1lise, segundo o relator.<\/p>\n<p>Freitas J\u00fanior foi acompanhado integralmente pelos conselheiros Roney Sandro Freire Corr\u00eaa e Edmilson Borges Gomes, al\u00e9m do conselheiro Diljesse de Moura Pessoa de Vasconcelos Filho, que o acompanhou pelas conclus\u00f5es.<\/p>\n<p class=\"jota-cta\"><a href=\"https:\/\/conteudo.jota.info\/marketing-lp-newsletter-ultimas-noticias?utm_source=jota&amp;utm_medium=lp&amp;utm_campaign=23-09-2024-jota-lp-eleicoes-2024-eleicoes-2024-none-audiencias-none&amp;utm_content=eleicoes-2024&amp;utm_term=none\"><span>Assine gratuitamente a newsletter \u00daltimas Not\u00edcias do <span class=\"jota\">JOTA<\/span> e receba as principais not\u00edcias jur\u00eddicas e pol\u00edticas do dia no seu email<\/span><\/a><\/p>\n<p>J\u00e1 os conselheiros Jeferson Teodorovicz e Rycardo Henrique Magalh\u00e3es de Oliveira, relator do processo, ficaram vencidos ao votar pelo cancelamento da cobran\u00e7a. Para eles, os valores discutidos foram uma subven\u00e7\u00e3o do estado para as obras do est\u00e1dio e a exig\u00eancia do artigo 150, par\u00e1grafo 6\u00ba, da Constitui\u00e7\u00e3o se limitaria aos subs\u00eddios tribut\u00e1rios.<\/p>\n<p>O processo tramita com o n\u00famero 10600.720117\/2021-31.<\/p>","protected":false},"excerpt":{"rendered":"<p>Por 4 votos a 2, o Conselho de Administra\u00e7\u00e3o de Recursos Fiscais (Carf) manteve a cobran\u00e7a de Contribui\u00e7\u00e3o Social sobre o Lucro L\u00edquido (CSLL) sobre a totalidade dos valores que a Minas Arena recebeu do estado de Minas Gerais depois de ganhar o processo licitat\u00f3rio para a concess\u00e3o da explora\u00e7\u00e3o do est\u00e1dio Mineir\u00e3o. O est\u00e1dio [&hellip;]<\/p>\n","protected":false},"author":0,"featured_media":0,"comment_status":"open","ping_status":"open","sticky":false,"template":"","format":"standard","meta":[],"categories":[1],"tags":[],"_links":{"self":[{"href":"https:\/\/aprimora.site\/carvalhoalmeidaadvogados\/wp-json\/wp\/v2\/posts\/21338"}],"collection":[{"href":"https:\/\/aprimora.site\/carvalhoalmeidaadvogados\/wp-json\/wp\/v2\/posts"}],"about":[{"href":"https:\/\/aprimora.site\/carvalhoalmeidaadvogados\/wp-json\/wp\/v2\/types\/post"}],"replies":[{"embeddable":true,"href":"https:\/\/aprimora.site\/carvalhoalmeidaadvogados\/wp-json\/wp\/v2\/comments?post=21338"}],"version-history":[{"count":0,"href":"https:\/\/aprimora.site\/carvalhoalmeidaadvogados\/wp-json\/wp\/v2\/posts\/21338\/revisions"}],"wp:attachment":[{"href":"https:\/\/aprimora.site\/carvalhoalmeidaadvogados\/wp-json\/wp\/v2\/media?parent=21338"}],"wp:term":[{"taxonomy":"category","embeddable":true,"href":"https:\/\/aprimora.site\/carvalhoalmeidaadvogados\/wp-json\/wp\/v2\/categories?post=21338"},{"taxonomy":"post_tag","embeddable":true,"href":"https:\/\/aprimora.site\/carvalhoalmeidaadvogados\/wp-json\/wp\/v2\/tags?post=21338"}],"curies":[{"name":"wp","href":"https:\/\/api.w.org\/{rel}","templated":true}]}}