{"id":21334,"date":"2026-03-17T05:05:04","date_gmt":"2026-03-17T08:05:04","guid":{"rendered":"https:\/\/aprimora.site\/carvalhoalmeidaadvogados\/2026\/03\/17\/a-estrutura-e-a-dinamica-dos-custos-da-aviacao-no-brasil\/"},"modified":"2026-03-17T05:05:04","modified_gmt":"2026-03-17T08:05:04","slug":"a-estrutura-e-a-dinamica-dos-custos-da-aviacao-no-brasil","status":"publish","type":"post","link":"https:\/\/aprimora.site\/carvalhoalmeidaadvogados\/2026\/03\/17\/a-estrutura-e-a-dinamica-dos-custos-da-aviacao-no-brasil\/","title":{"rendered":"A estrutura e a din\u00e2mica dos custos da avia\u00e7\u00e3o no Brasil"},"content":{"rendered":"<p>O setor a\u00e9reo \u00e9 um vetor estrat\u00e9gico do desenvolvimento econ\u00f4mico, essencial \u00e0 integra\u00e7\u00e3o territorial, \u00e0 din\u00e2mica dos neg\u00f3cios e \u00e0 log\u00edstica produtiva. Trata-se de uma atividade intensiva em capital, que exige elevados investimentos e capital de giro, ao mesmo tempo em que sua demanda \u00e9 altamente sens\u00edvel \u00e0s varia\u00e7\u00f5es tarif\u00e1rias, \u00e0 renda e \u00e0s expectativas das empresas e das fam\u00edlias<\/p>\n<p>No setor a\u00e9reo brasileiro, a concilia\u00e7\u00e3o entre expans\u00e3o e rentabilidade \u00e9 condicionada pela forte exposi\u00e7\u00e3o ao ambiente macroecon\u00f4mico e internacional, tornando os custos sens\u00edveis ao c\u00e2mbio, ao pre\u00e7o do combust\u00edvel \u2014 especialmente o Querosene de Avia\u00e7\u00e3o (QAV) \u2014 e \u00e0s taxas de juros.<\/p>\n<p class=\"jota-cta\"><a href=\"https:\/\/www.jota.info\/produtos\/poder?utm_source=cta-site&amp;utm_medium=site&amp;utm_campaign=campanha_poder_q2&amp;utm_id=cta_texto_poder_q2_2023&amp;utm_term=cta_texto_poder&amp;utm_term=cta_texto_poder_meio_materias\"><span>Conhe\u00e7a o <span class=\"jota\">JOTA<\/span> PRO Poder, plataforma de monitoramento que oferece transpar\u00eancia e previsibilidade para empresas<\/span><\/a><\/p>\n<p>Inserido em cadeias globais de suprimento e financiamento, o setor opera com custos majoritariamente dolarizados e receitas em moeda local, o que limita a sustenta\u00e7\u00e3o das margens ao longo dos ciclos econ\u00f4micos.<\/p>\n<p>Essa din\u00e2mica \u00e9 analisada na tabela a seguir, com base em dados da <a href=\"https:\/\/www.jota.info\/tudo-sobre\/ANAC\">Anac<\/a> entre 2009 e 2025, decompostos por fontes de custo e ponderados pela participa\u00e7\u00e3o das empresas na receita operacional l\u00edquida do setor.<\/p>\n<p><strong>Tabela 1: Participa\u00e7\u00e3o no custo total (ex-custos com judicializa\u00e7\u00f5es) e sensibilidade \u00e0s varia\u00e7\u00f5es (+1% e -1%) das principais fontes de custos do setor de avia\u00e7\u00e3o, de 2009 a 2025.<\/strong><\/p>\n\n<p class=\"jota-article__reference\">*Pessoal, Servi\u00e7os, Deprec.\/MRO (manuten\u00e7\u00e3o)\/CORSIA (custos pela emiss\u00e3o de Carbono).<br \/>\nFonte: elabora\u00e7\u00e3o pr\u00f3pria a partir dos dados da Anac<\/p>\n<p>Os custos em moeda estrangeira representam 71,4% do total do setor, de modo que uma deprecia\u00e7\u00e3o cambial de 1% eleva os custos em 0,71%. Como apenas 17,5% das receitas s\u00e3o dolarizadas, cada 1% de desvaloriza\u00e7\u00e3o reduz as margens em 0,54%, exigindo aumento m\u00e9dio de 0,89% no yield, com retra\u00e7\u00e3o estimada da demanda de 1,16%. Essa assimetria decorre sobretudo do QAV (36,5%), dos demais custos dolarizados (22,4%) e dos juros externos de leasing (11,2%), associados aos pre\u00e7os do petr\u00f3leo, \u00e0 pol\u00edtica monet\u00e1ria dos EUA e ao c\u00e2mbio.<\/p>\n<p>Os custos dom\u00e9sticos ligados \u00e0 Selic somam 7,1%, os indexados a pre\u00e7os internos 4,8% e a carga tribut\u00e1ria l\u00edquida responde por 5,6% dos custos, mesmo ap\u00f3s isen\u00e7\u00f5es de 1,6 p.p. sobre uma incid\u00eancia bruta de 7,2%, com destaque para o ICMS sobre o QAV, que se incorpora estruturalmente \u00e0 estrutura de custos. O custo de capital m\u00e9dio foi de 12,4%, exigindo investimentos de cerca de 6,5% da receita operacional l\u00edquida, ou US$ 793 milh\u00f5es anuais (valores de 2025), acima da gera\u00e7\u00e3o de caixa desde a pandemia.<\/p>\n<p>Por sua vez, as judicializa\u00e7\u00f5es configuram um custo estrutural adicional, consumindo 7,5% da Receita Operacional L\u00edquida e ultrapassando US$ 800 milh\u00f5es em 2025. Em dez anos, os processos cresceram mais de 200%, alcan\u00e7ando 545 mil a\u00e7\u00f5es anuais, com taxa de condena\u00e7\u00e3o de 94%, elevando o custo total em 113% e o custo por passageiro para US$ 7,80 por voo, cerca de 7% da tarifa m\u00e9dia.<\/p>\n<p>Segundo a Iata, o Brasil concentrou 98,5% das a\u00e7\u00f5es judiciais globais contra companhias a\u00e9reas em 2025 \u2014 um processo a cada 1,2 voo, contra um a cada 8 mil no resto do mundo \u2014 resultando em custo por passageiro 35,4 vezes superior \u00e0 m\u00e9dia internacional, reflexo do arcabou\u00e7o jur\u00eddico e da expans\u00e3o de modelos digitais de litig\u00e2ncia em escala.<\/p>\n<p>O quadro de custos do setor decorre da deteriora\u00e7\u00e3o macroecon\u00f4mica da \u00faltima d\u00e9cada, marcada por desvaloriza\u00e7\u00f5es cambiais, juros elevados, alta da Selic e fraca expans\u00e3o da demanda, comprimindo margens e produtividade em uma atividade dependente de escala. Trata-se de um setor pr\u00f3-c\u00edclico, no qual c\u00e2mbio, juros e renda afetam simultaneamente custos e receitas. Essas press\u00f5es acumulam efeitos no m\u00e9dio e longo prazo, dificultam o planejamento e ampliam o endividamento, sobretudo pelo peso dos custos externos, respons\u00e1veis por 51,8% do impacto imediato.<\/p>\n<p><strong>Tabela 2: Origem e prazo de impacto dos custos operacionais totais, de 2009 a 2025<\/strong><\/p>\n\n<p class=\"jota-article__reference\">Fonte: elabora\u00e7\u00e3o pr\u00f3pria a partir dos dados da Anac<\/p>\n<p>Cerca de 56% do impacto das varia\u00e7\u00f5es de custos ocorre no curt\u00edssimo prazo, impondo ajustes imediatos de pre\u00e7os e tornando a oferta altamente pr\u00f3-c\u00edclica: em retra\u00e7\u00f5es, tarifas e margens caem rapidamente; em expans\u00f5es, elevam-se tarifas, ocupa\u00e7\u00e3o e margens, gerando ciclos positivos de caixa. Entre 2009 e 2025, identificam-se quatro ciclos macroecon\u00f4micos distintos, conforme o Gr\u00e1fico 1.<\/p>\n<p><strong>Gr\u00e1fico 1: Custo Total do Setor A\u00e9reo por categorias, Custo de Origem Externa e Custo Operacional Puro, Base 2009=100, 2009-2025.<\/strong><\/p>\n<p class=\"jota-article__reference\">\nFonte: elabora\u00e7\u00e3o pr\u00f3pria a partir dos dados da Anac<br \/>\n* Custos totais, excluindo os relacionados ao d\u00f3lar, QAV e juros<\/p>\n<p>Entre 2009 e 2014, o setor viveu expans\u00e3o com ganhos de escala e margens, favorecida pela aprecia\u00e7\u00e3o cambial. De 2015 a 2019, a recess\u00e3o e a desvaloriza\u00e7\u00e3o cambial comprimiram a demanda e as margens. Entre 2020 e 2022, a pandemia derrubou receitas e elevou custos e juros, levando a alavancagem recorde, com d\u00edvida l\u00edquida de 2,4 vezes a ROL. A partir de 2023, a demanda se recuperou, recompondo cerca de 60% das perdas, com melhora das margens e redu\u00e7\u00e3o da d\u00edvida para aproximadamente 1,25 vez a ROL.<\/p>\n<p>Al\u00e9m das condi\u00e7\u00f5es macroecon\u00f4micas, o arcabou\u00e7o institucional afeta diretamente a efici\u00eancia da avia\u00e7\u00e3o no Brasil. Segundo a OCDE, as regras de jornada e per\u00edodo de servi\u00e7o, embora voltadas \u00e0 seguran\u00e7a, s\u00e3o mais restritivas do que em outros pa\u00edses e, somadas \u00e0s limita\u00e7\u00f5es \u00e0 contrata\u00e7\u00e3o de tripulantes estrangeiros, reduzem a flexibilidade operacional, exigindo maior n\u00famero de tripulantes por frota e elevando o custo por voo e por assento, com impactos sobre o uso dos ativos e a competitividade.<\/p>\n<p>O estudo estima que a revis\u00e3o dessas normas poderia gerar ganhos anuais entre R$ 700 milh\u00f5es e R$ 1 bilh\u00e3o, com redu\u00e7\u00e3o de custos e pre\u00e7os, sem preju\u00edzo aos padr\u00f5es de seguran\u00e7a.<\/p>\n<p class=\"jota-cta\"><a href=\"https:\/\/conteudo.jota.info\/marketing-lp-newsletter-ultimas-noticias?utm_source=jota&amp;utm_medium=lp&amp;utm_campaign=23-09-2024-jota-lp-eleicoes-2024-eleicoes-2024-none-audiencias-none&amp;utm_content=eleicoes-2024&amp;utm_term=none\"><span>Assine gratuitamente a newsletter \u00daltimas Not\u00edcias do <span class=\"jota\">JOTA<\/span> e receba as principais not\u00edcias jur\u00eddicas e pol\u00edticas do dia no seu email<\/span><\/a><\/p>\n<p>O setor a\u00e9reo brasileiro opera sob forte depend\u00eancia dos pre\u00e7os internacionais dos insumos e enfrenta margens estruturalmente comprimidas por uma demanda altamente sens\u00edvel \u00e0 renda, quadro agravado por pol\u00edticas p\u00fablicas insuficientes, que restringem ganhos de escala e o planejamento de longo prazo. A tributa\u00e7\u00e3o \u2014 especialmente sobre o combust\u00edvel e os encargos financeiros \u2014 eleva os custos, reduz a competitividade internacional e distorce decis\u00f5es operacionais.<\/p>\n<p>Nesse contexto, prop\u00f5e-se a cria\u00e7\u00e3o de um fundo de estabiliza\u00e7\u00e3o do QAV, com participa\u00e7\u00e3o da Petrobras, do BNDES, do Minist\u00e9rio dos Transportes, operadores aeroportu\u00e1rios e companhias a\u00e9reas, destinado a amortecer choques cambiais e de pre\u00e7os. Sem um ambiente macroecon\u00f4mico e institucional mais favor\u00e1vel, o setor permanecer\u00e1 limitado por custos dolarizados e demanda vol\u00e1til, restringindo seu potencial de crescimento e sua contribui\u00e7\u00e3o ao desenvolvimento nacional.<\/p>","protected":false},"excerpt":{"rendered":"<p>O setor a\u00e9reo \u00e9 um vetor estrat\u00e9gico do desenvolvimento econ\u00f4mico, essencial \u00e0 integra\u00e7\u00e3o territorial, \u00e0 din\u00e2mica dos neg\u00f3cios e \u00e0 log\u00edstica produtiva. Trata-se de uma atividade intensiva em capital, que exige elevados investimentos e capital de giro, ao mesmo tempo em que sua demanda \u00e9 altamente sens\u00edvel \u00e0s varia\u00e7\u00f5es tarif\u00e1rias, \u00e0 renda e \u00e0s expectativas [&hellip;]<\/p>\n","protected":false},"author":0,"featured_media":0,"comment_status":"open","ping_status":"open","sticky":false,"template":"","format":"standard","meta":[],"categories":[1],"tags":[],"_links":{"self":[{"href":"https:\/\/aprimora.site\/carvalhoalmeidaadvogados\/wp-json\/wp\/v2\/posts\/21334"}],"collection":[{"href":"https:\/\/aprimora.site\/carvalhoalmeidaadvogados\/wp-json\/wp\/v2\/posts"}],"about":[{"href":"https:\/\/aprimora.site\/carvalhoalmeidaadvogados\/wp-json\/wp\/v2\/types\/post"}],"replies":[{"embeddable":true,"href":"https:\/\/aprimora.site\/carvalhoalmeidaadvogados\/wp-json\/wp\/v2\/comments?post=21334"}],"version-history":[{"count":0,"href":"https:\/\/aprimora.site\/carvalhoalmeidaadvogados\/wp-json\/wp\/v2\/posts\/21334\/revisions"}],"wp:attachment":[{"href":"https:\/\/aprimora.site\/carvalhoalmeidaadvogados\/wp-json\/wp\/v2\/media?parent=21334"}],"wp:term":[{"taxonomy":"category","embeddable":true,"href":"https:\/\/aprimora.site\/carvalhoalmeidaadvogados\/wp-json\/wp\/v2\/categories?post=21334"},{"taxonomy":"post_tag","embeddable":true,"href":"https:\/\/aprimora.site\/carvalhoalmeidaadvogados\/wp-json\/wp\/v2\/tags?post=21334"}],"curies":[{"name":"wp","href":"https:\/\/api.w.org\/{rel}","templated":true}]}}