{"id":21331,"date":"2026-03-16T21:25:05","date_gmt":"2026-03-17T00:25:05","guid":{"rendered":"https:\/\/aprimora.site\/carvalhoalmeidaadvogados\/2026\/03\/16\/mendonca-proibe-acesso-e-manda-pf-buscar-material-da-sala-cofre-da-cpmi-do-inss\/"},"modified":"2026-03-16T21:25:05","modified_gmt":"2026-03-17T00:25:05","slug":"mendonca-proibe-acesso-e-manda-pf-buscar-material-da-sala-cofre-da-cpmi-do-inss","status":"publish","type":"post","link":"https:\/\/aprimora.site\/carvalhoalmeidaadvogados\/2026\/03\/16\/mendonca-proibe-acesso-e-manda-pf-buscar-material-da-sala-cofre-da-cpmi-do-inss\/","title":{"rendered":"Mendon\u00e7a pro\u00edbe acesso e manda PF buscar material da sala-cofre da CPMI do INSS"},"content":{"rendered":"<p>O ministro <a href=\"https:\/\/www.jota.info\/tudo-sobre\/andre-mendonca\">Andr\u00e9 Mendon\u00e7a<\/a>, do Supremo Tribunal Federal (<a href=\"https:\/\/www.jota.info\/stf\">STF<\/a>), proibiu o acesso de parlamentares e quaisquer outras pessoas ao material armazenado na sala-cofre da CPMI-INSS referente aos celulares, equipamentos e documentos do banqueiro <a href=\"https:\/\/www.jota.info\/tudo-sobre\/daniel-vorcaro\">Daniel Vorcaro<\/a>, dono do <a href=\"https:\/\/www.jota.info\/tudo-sobre\/Banco%20Master\">Banco Master<\/a>.<\/p>\n<p>Mendon\u00e7a determinou que a Pol\u00edcia Federal retire todos os equipamentos que est\u00e3o armazenados na sala-cofre, e, na sequ\u00eancia, realizem \u201cnova e detida separa\u00e7\u00e3o dos dados existentes, de maneira a que eventual conte\u00fado que diga respeito exclusivamente \u00e0 vida privada do citado investigado n\u00e3o seja compartilhado com a referida Comiss\u00e3o Parlamentar\u201d.<\/p>\n<p class=\"jota-cta\"><a href=\"https:\/\/conteudo.jota.info\/marketing-lp-newsletter-ultimas-noticias?utm_source=jota&amp;utm_medium=lp&amp;utm_campaign=23-09-2024-jota-lp-eleicoes-2024-eleicoes-2024-none-audiencias-none&amp;utm_content=eleicoes-2024&amp;utm_term=none\"><span>Assine gratuitamente a newsletter \u00daltimas Not\u00edcias do <span class=\"jota\">JOTA<\/span> e receba as principais not\u00edcias jur\u00eddicas e pol\u00edticas do dia no seu email<\/span><\/a><\/p>\n<p>O ministro justificou a a\u00e7\u00e3o em nome da preserva\u00e7\u00e3o do sigilo em rela\u00e7\u00e3o \u00e0 vida privada dos investigados pela Opera\u00e7\u00e3o Compliance Zero. Recentemente, foram vazados di\u00e1logos \u00edntimos de Vorcaro com a sua ex-noiva, Martha Graeff.<\/p>","protected":false},"excerpt":{"rendered":"<p>O ministro Andr\u00e9 Mendon\u00e7a, do Supremo Tribunal Federal (STF), proibiu o acesso de parlamentares e quaisquer outras pessoas ao material armazenado na sala-cofre da CPMI-INSS referente aos celulares, equipamentos e documentos do banqueiro Daniel Vorcaro, dono do Banco Master. Mendon\u00e7a determinou que a Pol\u00edcia Federal retire todos os equipamentos que est\u00e3o armazenados na sala-cofre, e, [&hellip;]<\/p>\n","protected":false},"author":0,"featured_media":0,"comment_status":"open","ping_status":"open","sticky":false,"template":"","format":"standard","meta":[],"categories":[1],"tags":[],"_links":{"self":[{"href":"https:\/\/aprimora.site\/carvalhoalmeidaadvogados\/wp-json\/wp\/v2\/posts\/21331"}],"collection":[{"href":"https:\/\/aprimora.site\/carvalhoalmeidaadvogados\/wp-json\/wp\/v2\/posts"}],"about":[{"href":"https:\/\/aprimora.site\/carvalhoalmeidaadvogados\/wp-json\/wp\/v2\/types\/post"}],"replies":[{"embeddable":true,"href":"https:\/\/aprimora.site\/carvalhoalmeidaadvogados\/wp-json\/wp\/v2\/comments?post=21331"}],"version-history":[{"count":0,"href":"https:\/\/aprimora.site\/carvalhoalmeidaadvogados\/wp-json\/wp\/v2\/posts\/21331\/revisions"}],"wp:attachment":[{"href":"https:\/\/aprimora.site\/carvalhoalmeidaadvogados\/wp-json\/wp\/v2\/media?parent=21331"}],"wp:term":[{"taxonomy":"category","embeddable":true,"href":"https:\/\/aprimora.site\/carvalhoalmeidaadvogados\/wp-json\/wp\/v2\/categories?post=21331"},{"taxonomy":"post_tag","embeddable":true,"href":"https:\/\/aprimora.site\/carvalhoalmeidaadvogados\/wp-json\/wp\/v2\/tags?post=21331"}],"curies":[{"name":"wp","href":"https:\/\/api.w.org\/{rel}","templated":true}]}}