{"id":21323,"date":"2026-03-16T19:11:18","date_gmt":"2026-03-16T22:11:18","guid":{"rendered":"https:\/\/aprimora.site\/carvalhoalmeidaadvogados\/?p=21323"},"modified":"2026-03-16T19:11:18","modified_gmt":"2026-03-16T22:11:18","slug":"9a-camara-aplica-entendimento-do-stf-e-reconhece-estabilidade-a-gestante-em-contrato-temporario","status":"publish","type":"post","link":"https:\/\/aprimora.site\/carvalhoalmeidaadvogados\/2026\/03\/16\/9a-camara-aplica-entendimento-do-stf-e-reconhece-estabilidade-a-gestante-em-contrato-temporario\/","title":{"rendered":"9\u00aa C\u00e2mara aplica entendimento do STF e reconhece estabilidade a gestante em contrato tempor\u00e1rio"},"content":{"rendered":"<p><span>9\u00aa C\u00e2mara aplica entendimento do STF e reconhece estabilidade a gestante em contrato tempor\u00e1rio<\/span><\/p>\n<div>  <a href=\"https:\/\/trt15.jus.br\/noticia\/2026\/9a-camara-aplica-entendimento-do-stf-e-reconhece-estabilidade-gestante-em-contrato\"><\/a>\n<\/div>\n<p><span><span>anasiqueira<\/span><\/span><\/p>\n<p><span>Seg, 16\/03\/2026 &#8211; 16:11<\/span><\/p>\n<div>\n<div>9\u00aa C\u00e2mara aplica entendimento do STF e reconhece estabilidade a gestante em contrato tempor\u00e1rio<\/div>\n<\/div>\n<div>\n<div class=\"visually-hidden\">Conte\u00fado da Not\u00edcia<\/div>\n<div>\n<p>A 9\u00aa C\u00e2mara do Tribunal Regional do Trabalho da 15\u00aa Regi\u00e3o reconheceu o direito \u00e0 estabilidade provis\u00f3ria de uma trabalhadora gestante contratada por trabalho tempor\u00e1rio, determinando o pagamento de indeniza\u00e7\u00e3o substitutiva referente ao per\u00edodo de garantia no emprego.\u00a0<\/p>\n<p>De acordo com os autos, a trabalhadora foi admitida em 5 de janeiro de 2024 por empresa prestadora de servi\u00e7os e dispensada em 14 de mar\u00e7o do mesmo ano, ao t\u00e9rmino do contrato tempor\u00e1rio firmado com base na Lei n\u00ba 6.019\/74 (que disp\u00f5e sobre trabalho tempor\u00e1rio). No processo, ficou comprovado por documenta\u00e7\u00e3o que ela j\u00e1 estava gr\u00e1vida no momento da dispensa.<\/p>\n<p>Ao analisar o recurso da trabalhadora, a relatora do ac\u00f3rd\u00e3o, ju\u00edza convocada Camila Ceroni Scarabelli, destacou o entendimento consolidado pelo Supremo Tribunal Federal no Tema 542, que assegura a estabilidade provis\u00f3ria \u00e0 gestante, independentemente do regime jur\u00eddico da contrata\u00e7\u00e3o, inclusive nos contratos por prazo determinado.<\/p>\n<p>Segundo a magistrada, o fato de a contrata\u00e7\u00e3o ter ocorrido por prazo determinado, na modalidade de trabalho tempor\u00e1rio, n\u00e3o afasta o direito \u00e0 garantia de emprego quando comprovada a gravidez durante o v\u00ednculo contratual. \u201cComo o STF enfrentou a quest\u00e3o da garantia provis\u00f3ria de emprego \u00e0 gestante nos casos de contratos por prazo determinado, n\u00e3o h\u00e1 como afastar o direito subjetivo da autora\u201d, afirmou.<\/p>\n<p>Com base nesse entendimento, o colegiado reconheceu o direito \u00e0 estabilidade desde a confirma\u00e7\u00e3o da gravidez at\u00e9 cinco meses ap\u00f3s o parto e condenou as empresas (uma de servi\u00e7os terceirizados e outra de auto servi\u00e7o e com\u00e9rcio de alimentos) ao pagamento da indeniza\u00e7\u00e3o substitutiva correspondente ao per\u00edodo, al\u00e9m das verbas rescis\u00f3rias correlatas. Processo 0010748-51.2024.5.15.0085.<\/p>\n<p><em>Foto: banco de imagens.<\/em><\/p>\n<p><em>Esta mat\u00e9ria \u00e9 meramente informativa.<\/em><br \/><em>Permitida a reprodu\u00e7\u00e3o mediante cita\u00e7\u00e3o da fonte.<br \/>\nCoordenadoria de Comunica\u00e7\u00e3o Social.<br \/>\nTRT-15<br \/>\nTel.(19) 3236 1789<br \/>\nimprensa@trt15.jus.br<\/em><\/p>\n<p>\u00a0<\/p>\n<\/div><\/div>\n<div>\n<div>Unidade Respons\u00e1vel:<\/div>\n<div>Comunica\u00e7\u00e3o Social<\/div>\n<\/div>\n<div>Seg, 16\/03\/2026 &#8211; 16:11<\/div>\n<p>      <span class=\"a2a_kit a2a_kit_size_16 addtoany_list\"><a class=\"a2a_dd addtoany_share\" href=\"https:\/\/www.addtoany.com\/share#url=https%3A%2F%2Ftrt15.jus.br%2Fnoticia%2F2026%2F9a-camara-aplica-entendimento-do-stf-e-reconhece-estabilidade-gestante-em-contrato&amp;title=9%C2%AA%20C%C3%A2mara%20aplica%20entendimento%20do%20STF%20e%20reconhece%20estabilidade%20a%20gestante%20em%20contrato%20tempor%C3%A1rio\"><\/a><a class=\"a2a_button_whatsapp\"><\/a><a class=\"a2a_button_google_gmail\"><\/a><a class=\"a2a_button_twitter\"><\/a><a class=\"a2a_button_facebook\"><\/a><a class=\"a2a_button_linkedin\"><\/a><\/span><\/p>","protected":false},"excerpt":{"rendered":"<p>9\u00aa C\u00e2mara aplica entendimento do STF e reconhece estabilidade a gestante em contrato tempor\u00e1rio anasiqueira Seg, 16\/03\/2026 &#8211; 16:11 9\u00aa C\u00e2mara aplica entendimento do STF e reconhece estabilidade a gestante em contrato tempor\u00e1rio Conte\u00fado da Not\u00edcia A 9\u00aa C\u00e2mara do Tribunal Regional do Trabalho da 15\u00aa Regi\u00e3o reconheceu o direito \u00e0 estabilidade provis\u00f3ria de uma [&hellip;]<\/p>\n","protected":false},"author":0,"featured_media":21324,"comment_status":"open","ping_status":"open","sticky":false,"template":"","format":"standard","meta":[],"categories":[1],"tags":[],"_links":{"self":[{"href":"https:\/\/aprimora.site\/carvalhoalmeidaadvogados\/wp-json\/wp\/v2\/posts\/21323"}],"collection":[{"href":"https:\/\/aprimora.site\/carvalhoalmeidaadvogados\/wp-json\/wp\/v2\/posts"}],"about":[{"href":"https:\/\/aprimora.site\/carvalhoalmeidaadvogados\/wp-json\/wp\/v2\/types\/post"}],"replies":[{"embeddable":true,"href":"https:\/\/aprimora.site\/carvalhoalmeidaadvogados\/wp-json\/wp\/v2\/comments?post=21323"}],"version-history":[{"count":0,"href":"https:\/\/aprimora.site\/carvalhoalmeidaadvogados\/wp-json\/wp\/v2\/posts\/21323\/revisions"}],"wp:featuredmedia":[{"embeddable":true,"href":"https:\/\/aprimora.site\/carvalhoalmeidaadvogados\/wp-json\/wp\/v2\/media\/21324"}],"wp:attachment":[{"href":"https:\/\/aprimora.site\/carvalhoalmeidaadvogados\/wp-json\/wp\/v2\/media?parent=21323"}],"wp:term":[{"taxonomy":"category","embeddable":true,"href":"https:\/\/aprimora.site\/carvalhoalmeidaadvogados\/wp-json\/wp\/v2\/categories?post=21323"},{"taxonomy":"post_tag","embeddable":true,"href":"https:\/\/aprimora.site\/carvalhoalmeidaadvogados\/wp-json\/wp\/v2\/tags?post=21323"}],"curies":[{"name":"wp","href":"https:\/\/api.w.org\/{rel}","templated":true}]}}