{"id":21322,"date":"2026-03-16T16:14:00","date_gmt":"2026-03-16T19:14:00","guid":{"rendered":"https:\/\/aprimora.site\/carvalhoalmeidaadvogados\/2026\/03\/16\/obra-juridica-de-1562-sera-destaque-na-reabertura-da-biblioteca-do-stj\/"},"modified":"2026-03-16T16:14:00","modified_gmt":"2026-03-16T19:14:00","slug":"obra-juridica-de-1562-sera-destaque-na-reabertura-da-biblioteca-do-stj","status":"publish","type":"post","link":"https:\/\/aprimora.site\/carvalhoalmeidaadvogados\/2026\/03\/16\/obra-juridica-de-1562-sera-destaque-na-reabertura-da-biblioteca-do-stj\/","title":{"rendered":"Obra jur\u00eddica de 1562 ser\u00e1 destaque na reabertura da Biblioteca do STJ"},"content":{"rendered":"<p>Obra jur\u00eddica de 1562 ser\u00e1 destaque na reabertura da Biblioteca do STJ<\/p>","protected":false},"excerpt":{"rendered":"<p>Obra jur\u00eddica de 1562 ser\u00e1 destaque na reabertura da Biblioteca do STJ<\/p>\n","protected":false},"author":0,"featured_media":0,"comment_status":"open","ping_status":"open","sticky":false,"template":"","format":"standard","meta":[],"categories":[1],"tags":[],"_links":{"self":[{"href":"https:\/\/aprimora.site\/carvalhoalmeidaadvogados\/wp-json\/wp\/v2\/posts\/21322"}],"collection":[{"href":"https:\/\/aprimora.site\/carvalhoalmeidaadvogados\/wp-json\/wp\/v2\/posts"}],"about":[{"href":"https:\/\/aprimora.site\/carvalhoalmeidaadvogados\/wp-json\/wp\/v2\/types\/post"}],"replies":[{"embeddable":true,"href":"https:\/\/aprimora.site\/carvalhoalmeidaadvogados\/wp-json\/wp\/v2\/comments?post=21322"}],"version-history":[{"count":0,"href":"https:\/\/aprimora.site\/carvalhoalmeidaadvogados\/wp-json\/wp\/v2\/posts\/21322\/revisions"}],"wp:attachment":[{"href":"https:\/\/aprimora.site\/carvalhoalmeidaadvogados\/wp-json\/wp\/v2\/media?parent=21322"}],"wp:term":[{"taxonomy":"category","embeddable":true,"href":"https:\/\/aprimora.site\/carvalhoalmeidaadvogados\/wp-json\/wp\/v2\/categories?post=21322"},{"taxonomy":"post_tag","embeddable":true,"href":"https:\/\/aprimora.site\/carvalhoalmeidaadvogados\/wp-json\/wp\/v2\/tags?post=21322"}],"curies":[{"name":"wp","href":"https:\/\/api.w.org\/{rel}","templated":true}]}}