{"id":21320,"date":"2026-03-16T15:59:56","date_gmt":"2026-03-16T18:59:56","guid":{"rendered":"https:\/\/aprimora.site\/carvalhoalmeidaadvogados\/?p=21320"},"modified":"2026-03-16T15:59:56","modified_gmt":"2026-03-16T18:59:56","slug":"trt-15-promove-roda-de-conversa-sobre-menopausa-saude-mental-e-organizacional","status":"publish","type":"post","link":"https:\/\/aprimora.site\/carvalhoalmeidaadvogados\/2026\/03\/16\/trt-15-promove-roda-de-conversa-sobre-menopausa-saude-mental-e-organizacional\/","title":{"rendered":"TRT-15 promove roda de conversa sobre menopausa, sa\u00fade mental e organizacional"},"content":{"rendered":"<p><span>TRT-15 promove roda de conversa sobre menopausa, sa\u00fade mental e organizacional<\/span><\/p>\n<div>  <a href=\"https:\/\/trt15.jus.br\/noticia\/2026\/trt-15-promove-roda-de-conversa-sobre-menopausa-saude-mental-e-organizacional\"><\/a>\n<\/div>\n<p><span><span>anasiqueira<\/span><\/span><\/p>\n<p><span>Seg, 16\/03\/2026 &#8211; 12:59<\/span><\/p>\n<div>\n<div>TRT-15 promove roda de conversa sobre menopausa, sa\u00fade mental e organizacional<\/div>\n<\/div>\n<div>\n<div class=\"visually-hidden\">Conte\u00fado da Not\u00edcia<\/div>\n<div>\n<p>O Comit\u00ea de Gest\u00e3o de Pessoas, o Subcomit\u00ea de Aten\u00e7\u00e3o \u00e0 Sa\u00fade e a Escola Judicial do Tribunal Regional do Trabalho da 15\u00aa Regi\u00e3o promovem, no dia 20\/3, das 10h \u00e0s 11h30, uma roda de conversa com o tema \u201cMenopausa \u2013 sa\u00fade mental e organizacional\u201d. O evento ser\u00e1 realizado no audit\u00f3rio da EJud-15 (Rua Bar\u00e3o de Jaguara, 945 \u2013 2\u00ba andar, Centro, Campinas\/SP).<\/p>\n<p>A atividade tem carga hor\u00e1ria de 1h30 e \u00e9 voltada para magistrados e servidores do TRT-15, advogados, estagi\u00e1rios, representantes de outras Escolas Judiciais e p\u00fablico externo.<\/p>\n<p>A inscri\u00e7\u00e3o deve ser realizada pelo <a href=\"https:\/\/sigep.trt15.jus.br\/ejud\/\">portal Sisejud<\/a>.\u00a0<\/p>\n<p>Haver\u00e1 tamb\u00e9m transmiss\u00e3o pelo <a href=\"https:\/\/www.youtube.com\/channel\/UCZIH3S71E1fU1x-a1Cn1-KA\">canal da Escola Judicial no YouTube<\/a>.\u00a0<\/p>\n<p><strong>Programa\u00e7\u00e3o<\/strong><\/p>\n<p>10h \u00e0s 10h10 \u2013 Abertura e apresenta\u00e7\u00e3o das palestrantes<br \/>\n10h10 \u00e0s 11h30 \u2013 Roda de conversa e encerramento<\/p>\n<p><strong>Palestrantes<\/strong><\/p>\n<p>Lucia Helena Sim\u00f5es da Costa Paiva<br \/>\nM\u00e9dica ginecologista e obstetra, doutora em Ginecologia<\/p>\n<p>Isabela Bulh\u00f5es Andrade de Holanda<br \/>\nM\u00e9dica do TRT-15<\/p>\n<p>Francielle Barbosa Prado<br \/>\nPsic\u00f3loga do TRT-15<\/p>\n<p>Larissa Carotta Martins da Silva Scarabelim<br \/>\nDesembargadora e coordenadora do Comit\u00ea de Gest\u00e3o de Pessoas<\/p>\n<p>Gisela Rodrigues Magalh\u00e3es de Araujo e Moraes<br \/>\nDesembargadora e coordenadora do Subcomit\u00ea de Aten\u00e7\u00e3o \u00e0 Sa\u00fade<\/p>\n<p>Carolina Magalh\u00e3es Serne Carnevalli<br \/>\nServidora e integrante do Comit\u00ea de Gest\u00e3o de Pessoas<\/p>\n<\/div><\/div>\n<div>\n<div>Unidade Respons\u00e1vel:<\/div>\n<div>Comunica\u00e7\u00e3o Social<\/div>\n<\/div>\n<div>Seg, 16\/03\/2026 &#8211; 12:59<\/div>\n<p>      <span class=\"a2a_kit a2a_kit_size_16 addtoany_list\"><a class=\"a2a_dd addtoany_share\" href=\"https:\/\/www.addtoany.com\/share#url=https%3A%2F%2Ftrt15.jus.br%2Fnoticia%2F2026%2Ftrt-15-promove-roda-de-conversa-sobre-menopausa-saude-mental-e-organizacional&amp;title=TRT-15%20promove%20roda%20de%20conversa%20sobre%20menopausa%2C%20sa%C3%BAde%20mental%20e%20organizacional\"><\/a><a class=\"a2a_button_whatsapp\"><\/a><a class=\"a2a_button_google_gmail\"><\/a><a class=\"a2a_button_twitter\"><\/a><a class=\"a2a_button_facebook\"><\/a><a class=\"a2a_button_linkedin\"><\/a><\/span><\/p>","protected":false},"excerpt":{"rendered":"<p>TRT-15 promove roda de conversa sobre menopausa, sa\u00fade mental e organizacional anasiqueira Seg, 16\/03\/2026 &#8211; 12:59 TRT-15 promove roda de conversa sobre menopausa, sa\u00fade mental e organizacional Conte\u00fado da Not\u00edcia O Comit\u00ea de Gest\u00e3o de Pessoas, o Subcomit\u00ea de Aten\u00e7\u00e3o \u00e0 Sa\u00fade e a Escola Judicial do Tribunal Regional do Trabalho da 15\u00aa Regi\u00e3o promovem, [&hellip;]<\/p>\n","protected":false},"author":0,"featured_media":21321,"comment_status":"open","ping_status":"open","sticky":false,"template":"","format":"standard","meta":[],"categories":[1],"tags":[],"_links":{"self":[{"href":"https:\/\/aprimora.site\/carvalhoalmeidaadvogados\/wp-json\/wp\/v2\/posts\/21320"}],"collection":[{"href":"https:\/\/aprimora.site\/carvalhoalmeidaadvogados\/wp-json\/wp\/v2\/posts"}],"about":[{"href":"https:\/\/aprimora.site\/carvalhoalmeidaadvogados\/wp-json\/wp\/v2\/types\/post"}],"replies":[{"embeddable":true,"href":"https:\/\/aprimora.site\/carvalhoalmeidaadvogados\/wp-json\/wp\/v2\/comments?post=21320"}],"version-history":[{"count":0,"href":"https:\/\/aprimora.site\/carvalhoalmeidaadvogados\/wp-json\/wp\/v2\/posts\/21320\/revisions"}],"wp:featuredmedia":[{"embeddable":true,"href":"https:\/\/aprimora.site\/carvalhoalmeidaadvogados\/wp-json\/wp\/v2\/media\/21321"}],"wp:attachment":[{"href":"https:\/\/aprimora.site\/carvalhoalmeidaadvogados\/wp-json\/wp\/v2\/media?parent=21320"}],"wp:term":[{"taxonomy":"category","embeddable":true,"href":"https:\/\/aprimora.site\/carvalhoalmeidaadvogados\/wp-json\/wp\/v2\/categories?post=21320"},{"taxonomy":"post_tag","embeddable":true,"href":"https:\/\/aprimora.site\/carvalhoalmeidaadvogados\/wp-json\/wp\/v2\/tags?post=21320"}],"curies":[{"name":"wp","href":"https:\/\/api.w.org\/{rel}","templated":true}]}}