{"id":21318,"date":"2026-03-16T16:18:06","date_gmt":"2026-03-16T19:18:06","guid":{"rendered":"https:\/\/aprimora.site\/carvalhoalmeidaadvogados\/?p=21318"},"modified":"2026-03-16T16:18:06","modified_gmt":"2026-03-16T19:18:06","slug":"ejud-15-promove-palestra-sobre-a-lei-do-motorista-profissional-e-os-direitos-fundamentais","status":"publish","type":"post","link":"https:\/\/aprimora.site\/carvalhoalmeidaadvogados\/2026\/03\/16\/ejud-15-promove-palestra-sobre-a-lei-do-motorista-profissional-e-os-direitos-fundamentais\/","title":{"rendered":"EJud-15 promove palestra sobre a lei do motorista profissional e os direitos fundamentais"},"content":{"rendered":"<p><span>EJud-15 promove palestra sobre a lei do motorista profissional e os direitos fundamentais<\/span><\/p>\n<div>  <a href=\"https:\/\/trt15.jus.br\/noticia\/2026\/ejud-15-promove-palestra-sobre-lei-do-motorista-profissional-e-os-direitos\"><\/a>\n<\/div>\n<p><span><span>anagatto<\/span><\/span><\/p>\n<p><span>Seg, 16\/03\/2026 &#8211; 13:18<\/span><\/p>\n<div>\n<div>EJud-15 promove palestra sobre a lei do motorista profissional e os direitos fundamentais<\/div>\n<div>\n<div class=\"visually-hidden\">Conte\u00fado da Not\u00edcia<\/div>\n<div>\n<p>A Escola Judicial do Tribunal Regional do Trabalho da 15\u00aa Regi\u00e3o promove, na quarta-feira, 18\/3, a palestra \u201cA Lei do motorista profissional e os direitos fundamentais\u201d, que abordar\u00e1 aspectos jur\u00eddicos e jurisprudenciais relacionados \u00e0 atividade do transporte rodovi\u00e1rio e \u00e0s rela\u00e7\u00f5es de trabalho no setor. A palestra ser\u00e1 ministrada pela desembargadora Tereza Aparecida Asta Gemignani e pelo procurador do Trabalho Daniel Gemignani, autores da obra jur\u00eddica \u201cA nova Lei do motorista profissional e os direitos fundamentais\u201d.<\/p>\n<p>O evento ser\u00e1 realizado das 10h \u00e0s 11h30 e das 13h30 \u00e0s 15h, no Audit\u00f3rio da Escola Judicial do TRT-15 (Rua Bar\u00e3o de Jaguara, 945, Centro, pr\u00e9dio anexo ao tribunal), com transmiss\u00e3o simult\u00e2nea pelo <a href=\"https:\/\/www.youtube.com\/channel\/UCZIH3S71E1fU1x-a1Cn1-KA\">canal da EJud-15 no YouTube<\/a>. A atividade ter\u00e1 carga hor\u00e1ria total de 3 horas.<\/p>\n<p>Durante o encontro, ser\u00e3o discutidas as altera\u00e7\u00f5es legislativas e os impactos de decis\u00f5es recentes do Supremo Tribunal Federal, especialmente no julgamento da ADI 5322, al\u00e9m de precedentes do Tribunal Superior do Trabalho relacionados \u00e0 jornada, ao descanso e \u00e0 remunera\u00e7\u00e3o dos motoristas profissionais.<br \/>\nA atividade \u00e9 destinada a magistrados, servidores e estagi\u00e1rios, al\u00e9m do p\u00fablico externo. Ser\u00e3o disponibilizadas 85 vagas presenciais.<\/p>\n<p>Fa\u00e7a sua <a href=\"https:\/\/sigep.trt15.jus.br\/ejud\/\">inscri\u00e7\u00e3o<\/a>.<\/p>\n<\/div><\/div>\n<div>\n<div>Unidade Respons\u00e1vel:<\/div>\n<div>Comunica\u00e7\u00e3o Social<\/div>\n<\/div>\n<div>Seg, 16\/03\/2026 &#8211; 13:18<\/div>\n<p>      <span class=\"a2a_kit a2a_kit_size_16 addtoany_list\"><a class=\"a2a_dd addtoany_share\" href=\"https:\/\/www.addtoany.com\/share#url=https%3A%2F%2Ftrt15.jus.br%2Fnoticia%2F2026%2Fejud-15-promove-palestra-sobre-lei-do-motorista-profissional-e-os-direitos&amp;title=EJud-15%20promove%20palestra%20sobre%20a%20lei%20do%20motorista%20profissional%20e%20os%20direitos%20fundamentais\"><\/a><a class=\"a2a_button_whatsapp\"><\/a><a class=\"a2a_button_google_gmail\"><\/a><a class=\"a2a_button_twitter\"><\/a><a class=\"a2a_button_facebook\"><\/a><a class=\"a2a_button_linkedin\"><\/a><\/span><\/p><\/div>","protected":false},"excerpt":{"rendered":"<p>EJud-15 promove palestra sobre a lei do motorista profissional e os direitos fundamentais anagatto Seg, 16\/03\/2026 &#8211; 13:18 EJud-15 promove palestra sobre a lei do motorista profissional e os direitos fundamentais Conte\u00fado da Not\u00edcia A Escola Judicial do Tribunal Regional do Trabalho da 15\u00aa Regi\u00e3o promove, na quarta-feira, 18\/3, a palestra \u201cA Lei do motorista [&hellip;]<\/p>\n","protected":false},"author":0,"featured_media":21319,"comment_status":"open","ping_status":"open","sticky":false,"template":"","format":"standard","meta":[],"categories":[1],"tags":[],"_links":{"self":[{"href":"https:\/\/aprimora.site\/carvalhoalmeidaadvogados\/wp-json\/wp\/v2\/posts\/21318"}],"collection":[{"href":"https:\/\/aprimora.site\/carvalhoalmeidaadvogados\/wp-json\/wp\/v2\/posts"}],"about":[{"href":"https:\/\/aprimora.site\/carvalhoalmeidaadvogados\/wp-json\/wp\/v2\/types\/post"}],"replies":[{"embeddable":true,"href":"https:\/\/aprimora.site\/carvalhoalmeidaadvogados\/wp-json\/wp\/v2\/comments?post=21318"}],"version-history":[{"count":0,"href":"https:\/\/aprimora.site\/carvalhoalmeidaadvogados\/wp-json\/wp\/v2\/posts\/21318\/revisions"}],"wp:featuredmedia":[{"embeddable":true,"href":"https:\/\/aprimora.site\/carvalhoalmeidaadvogados\/wp-json\/wp\/v2\/media\/21319"}],"wp:attachment":[{"href":"https:\/\/aprimora.site\/carvalhoalmeidaadvogados\/wp-json\/wp\/v2\/media?parent=21318"}],"wp:term":[{"taxonomy":"category","embeddable":true,"href":"https:\/\/aprimora.site\/carvalhoalmeidaadvogados\/wp-json\/wp\/v2\/categories?post=21318"},{"taxonomy":"post_tag","embeddable":true,"href":"https:\/\/aprimora.site\/carvalhoalmeidaadvogados\/wp-json\/wp\/v2\/tags?post=21318"}],"curies":[{"name":"wp","href":"https:\/\/api.w.org\/{rel}","templated":true}]}}