{"id":21317,"date":"2026-03-16T13:31:35","date_gmt":"2026-03-16T16:31:35","guid":{"rendered":"https:\/\/aprimora.site\/carvalhoalmeidaadvogados\/2026\/03\/16\/dino-determina-que-nao-existe-aposentadoria-compulsoria-como-punicao-para-magistrados\/"},"modified":"2026-03-16T13:31:35","modified_gmt":"2026-03-16T16:31:35","slug":"dino-determina-que-nao-existe-aposentadoria-compulsoria-como-punicao-para-magistrados","status":"publish","type":"post","link":"https:\/\/aprimora.site\/carvalhoalmeidaadvogados\/2026\/03\/16\/dino-determina-que-nao-existe-aposentadoria-compulsoria-como-punicao-para-magistrados\/","title":{"rendered":"Dino determina que n\u00e3o existe aposentadoria compuls\u00f3ria como puni\u00e7\u00e3o para magistrados"},"content":{"rendered":"<p>O ministro <a href=\"https:\/\/www.jota.info\/tudo-sobre\/flavio-dino\">Fl\u00e1vio Dino<\/a>, do Supremo Tribunal Federal (<a href=\"http:\/\/www.jota.info\/tudo-sobre\/STF\">STF<\/a>), deu uma decis\u00e3o nesta segunda-feira (16\/3) determinando que n\u00e3o existe mais a aposentadoria compuls\u00f3ria como forma de \u201cpuni\u00e7\u00e3o\u201d a magistrados. Segundo ele, infra\u00e7\u00f5es graves devem ser punidas com a perda do cargo, segundo interpreta\u00e7\u00e3o da Emenda Constitucional 103, que fez a Reforma da Previd\u00eancia.<\/p>\n<p>A determina\u00e7\u00e3o se deu na A\u00e7\u00e3o Origin\u00e1ria 2870, ajuizada em 2024 por um juiz afastado do Tribunal de Justi\u00e7a do Rio de Janeiro (TJRJ). Ele havia pedido para anular decis\u00f5es do CNJ que resultaram em sua aposentadoria compuls\u00f3ria \u2014 em que o magistrado deixa exercer sua fun\u00e7\u00e3o, mas mant\u00e9m sua remunera\u00e7\u00e3o.<\/p>\n<p>A decis\u00e3o do ministro, cabe destacar, n\u00e3o \u00e9 liminar, mas sim uma decis\u00e3o de m\u00e9rito. Em caso de recurso do autor da a\u00e7\u00e3o, caber\u00e1 ao colegiado da 1\u00aa Turma do STF, do qual Dino faz parte, a decis\u00e3o final sobre a a\u00e7\u00e3o.<\/p>\n<p class=\"jota-cta\"><a href=\"https:\/\/www.jota.info\/produtos\/poder?utm_source=cta-site&amp;utm_medium=site&amp;utm_campaign=campanha_poder_q2&amp;utm_id=cta_texto_poder_q2_2023&amp;utm_term=cta_texto_poder&amp;utm_term=cta_texto_poder_meio_materias\">Conhe\u00e7a o <span class=\"jota\">JOTA<\/span> PRO Poder, plataforma de monitoramento que oferece transpar\u00eancia e previsibilidade para empresas<\/a><\/p>\n<p>Segundo os autos, uma inspe\u00e7\u00e3o da corregedoria do TJRJ identificou irregularidades na conduta do autor da a\u00e7\u00e3o, ent\u00e3o juiz da Comarca de Mangaratiba. Entre as irregularidades cometidas pelo juiz estavam decis\u00f5es favor\u00e1veis a policiais milicianos, morosidade deliberada em processos para favorecer grupos pol\u00edticos da cidade e libera\u00e7\u00e3o de bens bloqueados sem a manifesta\u00e7\u00e3o do Minist\u00e9rio P\u00fablico.<\/p>\n<p>Na avalia\u00e7\u00e3o de Dino, pelas regras da Reforma da Previd\u00eancia de 2019, n\u00e3o h\u00e1 previs\u00e3o de aposentadoria compuls\u00f3ria como san\u00e7\u00e3o quando do cometimento de infra\u00e7\u00e3o disciplinar grave. Como as regras s\u00e3o de 2019, portanto, posteriores \u00e0 Emenda 45\/2004 que criou a aposentadoria compuls\u00f3ria, deve prevalecer o texto da reforma de 2019.<\/p>\n<p>Para ele, houve vontade legislativa, a partir da Reforma da Previd\u00eancia, de retirar do ordenamento jur\u00eddico brasileiro o fundamento da \u201caposentadoria compuls\u00f3ria\u201d ou da \u201caposentadoria com subs\u00eddios ou proventos proporcionais ao tempo de servi\u00e7o\u201d como san\u00e7\u00e3o administrativa.<\/p>\n<p>Dino determina que o Presidente do Conselho Nacional de Justi\u00e7a, ministro Edson Fachin, seja comunicado para, se considerar cab\u00edvel, rever o sistema de responsabilidade disciplinar no \u00e2mbito do Poder Judici\u00e1rio.<\/p>\n<h3><a href=\"https:\/\/conteudo.jota.info\/marketing-lp-newsletter-ultimas-noticias?utm_source=jota&amp;utm_medium=lp&amp;utm_campaign=23-09-2024-jota-lp-eleicoes-2024-eleicoes-2024-none-audiencias-none&amp;utm_content=eleicoes-2024&amp;utm_term=none\">Assine gratuitamente a newsletter \u00daltimas Not\u00edcias do <span class=\"jota\">JOTA<\/span> e receba as principais not\u00edcias jur\u00eddicas e pol\u00edticas do dia no seu email<\/a><\/h3>","protected":false},"excerpt":{"rendered":"<p>O ministro Fl\u00e1vio Dino, do Supremo Tribunal Federal (STF), deu uma decis\u00e3o nesta segunda-feira (16\/3) determinando que n\u00e3o existe mais a aposentadoria compuls\u00f3ria como forma de \u201cpuni\u00e7\u00e3o\u201d a magistrados. Segundo ele, infra\u00e7\u00f5es graves devem ser punidas com a perda do cargo, segundo interpreta\u00e7\u00e3o da Emenda Constitucional 103, que fez a Reforma da Previd\u00eancia. A determina\u00e7\u00e3o [&hellip;]<\/p>\n","protected":false},"author":0,"featured_media":0,"comment_status":"open","ping_status":"open","sticky":false,"template":"","format":"standard","meta":[],"categories":[1],"tags":[],"_links":{"self":[{"href":"https:\/\/aprimora.site\/carvalhoalmeidaadvogados\/wp-json\/wp\/v2\/posts\/21317"}],"collection":[{"href":"https:\/\/aprimora.site\/carvalhoalmeidaadvogados\/wp-json\/wp\/v2\/posts"}],"about":[{"href":"https:\/\/aprimora.site\/carvalhoalmeidaadvogados\/wp-json\/wp\/v2\/types\/post"}],"replies":[{"embeddable":true,"href":"https:\/\/aprimora.site\/carvalhoalmeidaadvogados\/wp-json\/wp\/v2\/comments?post=21317"}],"version-history":[{"count":0,"href":"https:\/\/aprimora.site\/carvalhoalmeidaadvogados\/wp-json\/wp\/v2\/posts\/21317\/revisions"}],"wp:attachment":[{"href":"https:\/\/aprimora.site\/carvalhoalmeidaadvogados\/wp-json\/wp\/v2\/media?parent=21317"}],"wp:term":[{"taxonomy":"category","embeddable":true,"href":"https:\/\/aprimora.site\/carvalhoalmeidaadvogados\/wp-json\/wp\/v2\/categories?post=21317"},{"taxonomy":"post_tag","embeddable":true,"href":"https:\/\/aprimora.site\/carvalhoalmeidaadvogados\/wp-json\/wp\/v2\/tags?post=21317"}],"curies":[{"name":"wp","href":"https:\/\/api.w.org\/{rel}","templated":true}]}}