{"id":21310,"date":"2026-03-16T09:06:00","date_gmt":"2026-03-16T12:06:00","guid":{"rendered":"https:\/\/aprimora.site\/carvalhoalmeidaadvogados\/2026\/03\/16\/juiz-pode-negar-gratuidade-de-justica-apos-consulta-de-oficio-ao-infojud\/"},"modified":"2026-03-16T09:06:00","modified_gmt":"2026-03-16T12:06:00","slug":"juiz-pode-negar-gratuidade-de-justica-apos-consulta-de-oficio-ao-infojud","status":"publish","type":"post","link":"https:\/\/aprimora.site\/carvalhoalmeidaadvogados\/2026\/03\/16\/juiz-pode-negar-gratuidade-de-justica-apos-consulta-de-oficio-ao-infojud\/","title":{"rendered":"Juiz pode negar gratuidade de justi\u00e7a ap\u00f3s consulta de of\u00edcio ao Infojud"},"content":{"rendered":"<p>Ao confirmar a decis\u00e3o que indeferiu o pedido de gratuidade, o tribunal de segunda inst\u00e2ncia apontou que a pr\u00f3pria parte requerente revelou ter renda bruta anual pr\u00f3xima de R$ 1 milh\u00e3o.<\/p>","protected":false},"excerpt":{"rendered":"<p>Ao confirmar a decis\u00e3o que indeferiu o pedido de gratuidade, o tribunal de segunda inst\u00e2ncia apontou que a pr\u00f3pria parte requerente revelou ter renda bruta anual pr\u00f3xima de R$ 1 milh\u00e3o.<\/p>\n","protected":false},"author":0,"featured_media":0,"comment_status":"open","ping_status":"open","sticky":false,"template":"","format":"standard","meta":[],"categories":[1],"tags":[],"_links":{"self":[{"href":"https:\/\/aprimora.site\/carvalhoalmeidaadvogados\/wp-json\/wp\/v2\/posts\/21310"}],"collection":[{"href":"https:\/\/aprimora.site\/carvalhoalmeidaadvogados\/wp-json\/wp\/v2\/posts"}],"about":[{"href":"https:\/\/aprimora.site\/carvalhoalmeidaadvogados\/wp-json\/wp\/v2\/types\/post"}],"replies":[{"embeddable":true,"href":"https:\/\/aprimora.site\/carvalhoalmeidaadvogados\/wp-json\/wp\/v2\/comments?post=21310"}],"version-history":[{"count":0,"href":"https:\/\/aprimora.site\/carvalhoalmeidaadvogados\/wp-json\/wp\/v2\/posts\/21310\/revisions"}],"wp:attachment":[{"href":"https:\/\/aprimora.site\/carvalhoalmeidaadvogados\/wp-json\/wp\/v2\/media?parent=21310"}],"wp:term":[{"taxonomy":"category","embeddable":true,"href":"https:\/\/aprimora.site\/carvalhoalmeidaadvogados\/wp-json\/wp\/v2\/categories?post=21310"},{"taxonomy":"post_tag","embeddable":true,"href":"https:\/\/aprimora.site\/carvalhoalmeidaadvogados\/wp-json\/wp\/v2\/tags?post=21310"}],"curies":[{"name":"wp","href":"https:\/\/api.w.org\/{rel}","templated":true}]}}