{"id":21308,"date":"2026-03-16T09:06:00","date_gmt":"2026-03-16T12:06:00","guid":{"rendered":"https:\/\/aprimora.site\/carvalhoalmeidaadvogados\/2026\/03\/16\/pagina-de-repetitivos-inclui-julgados-sobre-requisitos-para-fornecimento-de-bomba-de-insulina-por-planos-de-saude\/"},"modified":"2026-03-16T09:06:00","modified_gmt":"2026-03-16T12:06:00","slug":"pagina-de-repetitivos-inclui-julgados-sobre-requisitos-para-fornecimento-de-bomba-de-insulina-por-planos-de-saude","status":"publish","type":"post","link":"https:\/\/aprimora.site\/carvalhoalmeidaadvogados\/2026\/03\/16\/pagina-de-repetitivos-inclui-julgados-sobre-requisitos-para-fornecimento-de-bomba-de-insulina-por-planos-de-saude\/","title":{"rendered":"P\u00e1gina de Repetitivos inclui julgados sobre requisitos para fornecimento de bomba de insulina por planos de sa\u00fade"},"content":{"rendered":"<p>P\u00e1gina de Repetitivos inclui julgados sobre requisitos para fornecimento de bomba de insulina por planos de sa\u00fade<\/p>","protected":false},"excerpt":{"rendered":"<p>P\u00e1gina de Repetitivos inclui julgados sobre requisitos para fornecimento de bomba de insulina por planos de sa\u00fade<\/p>\n","protected":false},"author":0,"featured_media":0,"comment_status":"open","ping_status":"open","sticky":false,"template":"","format":"standard","meta":[],"categories":[1],"tags":[],"_links":{"self":[{"href":"https:\/\/aprimora.site\/carvalhoalmeidaadvogados\/wp-json\/wp\/v2\/posts\/21308"}],"collection":[{"href":"https:\/\/aprimora.site\/carvalhoalmeidaadvogados\/wp-json\/wp\/v2\/posts"}],"about":[{"href":"https:\/\/aprimora.site\/carvalhoalmeidaadvogados\/wp-json\/wp\/v2\/types\/post"}],"replies":[{"embeddable":true,"href":"https:\/\/aprimora.site\/carvalhoalmeidaadvogados\/wp-json\/wp\/v2\/comments?post=21308"}],"version-history":[{"count":0,"href":"https:\/\/aprimora.site\/carvalhoalmeidaadvogados\/wp-json\/wp\/v2\/posts\/21308\/revisions"}],"wp:attachment":[{"href":"https:\/\/aprimora.site\/carvalhoalmeidaadvogados\/wp-json\/wp\/v2\/media?parent=21308"}],"wp:term":[{"taxonomy":"category","embeddable":true,"href":"https:\/\/aprimora.site\/carvalhoalmeidaadvogados\/wp-json\/wp\/v2\/categories?post=21308"},{"taxonomy":"post_tag","embeddable":true,"href":"https:\/\/aprimora.site\/carvalhoalmeidaadvogados\/wp-json\/wp\/v2\/tags?post=21308"}],"curies":[{"name":"wp","href":"https:\/\/api.w.org\/{rel}","templated":true}]}}