{"id":21302,"date":"2026-03-15T09:16:33","date_gmt":"2026-03-15T12:16:33","guid":{"rendered":"https:\/\/aprimora.site\/carvalhoalmeidaadvogados\/2026\/03\/15\/aliados-de-flavio-defendem-adiar-apresentacao-de-propostas-apos-alta-nas-pesquisas\/"},"modified":"2026-03-15T09:16:33","modified_gmt":"2026-03-15T12:16:33","slug":"aliados-de-flavio-defendem-adiar-apresentacao-de-propostas-apos-alta-nas-pesquisas","status":"publish","type":"post","link":"https:\/\/aprimora.site\/carvalhoalmeidaadvogados\/2026\/03\/15\/aliados-de-flavio-defendem-adiar-apresentacao-de-propostas-apos-alta-nas-pesquisas\/","title":{"rendered":"Aliados de Fl\u00e1vio defendem adiar apresenta\u00e7\u00e3o de propostas ap\u00f3s alta nas pesquisas"},"content":{"rendered":"<p>O vi\u00e9s de alta deu algum conforto \u00e0 pr\u00e9-campanha do senador <a href=\"https:\/\/www.jota.info\/tudo-sobre\/flavio-bolsonaro\">Fl\u00e1vio Bolsonaro<\/a> (PL-RJ) ao <a href=\"https:\/\/www.jota.info\/tudo-sobre\/palacio-do-planalto\">Pal\u00e1cio do Planalto<\/a>. At\u00e9 h\u00e1 poucas semanas, aliados<br \/>\ndefendiam a apresenta\u00e7\u00e3o das diretrizes de um plano de governo, com<br \/>\npropostas sobre pol\u00edtica fiscal, por exemplo, ou seguran\u00e7a p\u00fablica. Agora o<br \/>\ndiscurso mudou.<\/p>\n<p>Uma ala do entorno do senador defende que ele adie a apresenta\u00e7\u00e3o das<br \/>\npropostas. A avalia\u00e7\u00e3o \u00e9 de que n\u00e3o precisa ter pressa. A ideia inicial era que<br \/>\nas diretrizes servissem como esp\u00e9cie de carta de apresenta\u00e7\u00e3o do candidato<br \/>\nou carta de compromisso, algo que pudesse ajudar, inclusive, a atrair um<br \/>\neventual ministro da Fazenda. Mas h\u00e1 um entendimento de que se apresentar<br \/>\nneste momento pode criar um teto de vidro desnecess\u00e1rio.<\/p>\n<p>As \u00faltimas pesquisas consolidaram Fl\u00e1vio como candidato, antecipando algo<br \/>\nque advers\u00e1rios \u2013 e at\u00e9 parte dos aliados \u2013 acreditavam que s\u00f3 ocorreria mais<br \/>\nadiante. Ele j\u00e1 aparece empatado com <a href=\"https:\/\/www.jota.info\/tudo-sobre\/lula\">Lula<\/a> em alguns levantamentos, num<br \/>\ncen\u00e1rio de segundo turno. A leitura na pr\u00e9-campanha \u00e9 que a rejei\u00e7\u00e3o tende a<br \/>\ncair, porque o eleitorado mais de centro vai diferenci\u00e1-lo do pai \u2013 este sim com<br \/>\ngrande rejei\u00e7\u00e3o.<\/p>\n<p class=\"jota-cta\"><a href=\"https:\/\/www.jota.info\/produtos\/poder?utm_source=cta-site&amp;utm_medium=site&amp;utm_campaign=campanha_poder_q2&amp;utm_id=cta_texto_poder_q2_2023&amp;utm_term=cta_texto_poder&amp;utm_term=cta_texto_poder_meio_materias\"><span>Conhe\u00e7a o <span class=\"jota\">JOTA<\/span> PRO Poder, plataforma de monitoramento que oferece transpar\u00eancia e previsibilidade para empresas<\/span><\/a><\/p>\n<p>Para n\u00e3o estragar a boa not\u00edcia das pesquisas, a ideia \u00e9 reduzir a exposi\u00e7\u00e3o<br \/>\npara que ele n\u00e3o amplie a rejei\u00e7\u00e3o nem perca votos. Este \u00e9 um efeito poss\u00edvel<br \/>\nda publiciza\u00e7\u00e3o de um programa econ\u00f4mico liberal \u2013 apesar de ter boa<br \/>\nresson\u00e2ncia na Faria Lima, n\u00e3o traz votos. Ao contr\u00e1rio do pai, que se expunha<br \/>\nmuito em movimentos pol\u00edticos mal calculados, cada gesto, publica\u00e7\u00e3o e<br \/>\ndiscurso de Fl\u00e1vio \u00e9 discutido com assessores e aliados mais pr\u00f3ximos.<\/p>\n<p>A prioridade, neste momento, \u00e9 a montagem de chapa e defini\u00e7\u00e3o de<br \/>\npalanques nos estados. Se ele apresentar as propostas no fim do m\u00eas, \u00e9 mais<br \/>\ntempo de teto de vidro para advers\u00e1rios criarem e organizarem discursos<br \/>\ncr\u00edticos \u00e0s propostas.<\/p>\n<p>Um exemplo do que eles querem evitar foi o efeito da entrevista do<br \/>\ncoordenador de campanha Rog\u00e9rio Marinho (PL-RN) \u00e0 Folha de S.Paulo, na<br \/>\nqual disse querer revisitar as reformas da Previd\u00eancia e trabalhista. Nas redes<br \/>\nsociais, advers\u00e1rios exploraram as falas como um compromisso com nova<br \/>\nreforma e disseram que \u00e9 um ataque aos trabalhadores.<\/p>\n<h2>Muni\u00e7\u00e3o para advers\u00e1rios<\/h2>\n<p>Outro ponto que o entorno de Fl\u00e1vio busca evitar a todo custo \u00e9 uma nova crise<br \/>\nentre Estados Unidos e Brasil. Na avalia\u00e7\u00e3o de auxiliares do pr\u00e9-candidato,<br \/>\nessa \u00e9 uma armadilha criada pelo petismo para retomar o discurso de<br \/>\nsoberania \u2013 algo que ajudou Lula a retomar sua popularidade no ano passado.<\/p>\n<p>O presidente anunciou, na sexta-feira (13\/3), que tirou o visto e proibiu a<br \/>\nentrada no pa\u00eds de Daren Beattie, conselheiro do presidente <a href=\"https:\/\/www.jota.info\/tudo-sobre\/donald-trump\">Donald Trump<\/a>. Lula<br \/>\ndisse que devolveria a autoriza\u00e7\u00e3o, quando os Estados Unidos autorizassem a<br \/>\nlibera\u00e7\u00e3o do visto do ministro Alexandre Padilha, da Sa\u00fade.<\/p>\n<p>Beattie viria ao Brasil se encontrar com autoridades brasileiras e participar de<br \/>\num f\u00f3rum de minerais cr\u00edticos em S\u00e3o Paulo. Ele tamb\u00e9m pediu permiss\u00e3o ao<br \/>\nSupremo Tribunal Federal (STF) para visitar o ex-presidente Jair Bolsonaro na<br \/>\npris\u00e3o. Inicialmente, foi autorizada a visita por Alexandre de Moraes, depois<br \/>\nrevogada ap\u00f3s fala do Itamaraty.<\/p>\n<p class=\"jota-cta\"><a href=\"https:\/\/conteudo.jota.info\/marketing-lp-newsletter-ultimas-noticias?utm_source=jota&amp;utm_medium=lp&amp;utm_campaign=23-09-2024-jota-lp-eleicoes-2024-eleicoes-2024-none-audiencias-none&amp;utm_content=eleicoes-2024&amp;utm_term=none\"><span>Assine gratuitamente a newsletter \u00daltimas Not\u00edcias do <span class=\"jota\">JOTA<\/span> e receba as principais not\u00edcias jur\u00eddicas e pol\u00edticas do dia no seu email<\/span><\/a><\/p>\n<p>O chanceler Mauro Vieira classificou o encontro como \u201cindevida inger\u00eancia nos<br \/>\nassuntos internos do Estado brasileiro\u201d.<\/p>\n<p>Ap\u00f3s a decis\u00e3o de Moraes, uma parte dos bolsonaristas come\u00e7ou a defender a<br \/>\nretomada de san\u00e7\u00f5es contra o magistrado e o empres\u00e1rio Paulo Figueiredo<br \/>\nfalou sobre essa possibilidade nas redes sociais. No passado, ele e Eduardo<br \/>\nforam os respons\u00e1veis por articular junto \u00e0s autoridades americanas san\u00e7\u00f5es<br \/>\ncontra produtos e autoridades brasileiras.<\/p>\n<p>O movimento, contudo, levou a um efeito rebote na pol\u00edtica nacional. N\u00e3o<br \/>\napenas o Congresso n\u00e3o aprovou a anistia, como pleiteava Eduardo, como Lula<br \/>\nconseguiu articular um discurso enf\u00e1tico contra interfer\u00eancia externa e em<br \/>\ndefesa da soberania brasileira.<\/p>\n<p>Para eles, esta foi uma emboscada desenhada por aliados do petista, num<br \/>\nmomento de preocupa\u00e7\u00e3o com as pesquisas. Por isso, houve um movimento<br \/>\nno bolsonarismo de colocar \u00e1gua na fervura para evitar que se esticasse a<br \/>\ncorda, ocasionando novas san\u00e7\u00f5es. Fl\u00e1vio quer se manter fora de pol\u00eamicas<br \/>\ndaquelas que n\u00e3o d\u00e3o, apenas tiram votos.<\/p>","protected":false},"excerpt":{"rendered":"<p>O vi\u00e9s de alta deu algum conforto \u00e0 pr\u00e9-campanha do senador Fl\u00e1vio Bolsonaro (PL-RJ) ao Pal\u00e1cio do Planalto. At\u00e9 h\u00e1 poucas semanas, aliados defendiam a apresenta\u00e7\u00e3o das diretrizes de um plano de governo, com propostas sobre pol\u00edtica fiscal, por exemplo, ou seguran\u00e7a p\u00fablica. Agora o discurso mudou. Uma ala do entorno do senador defende que [&hellip;]<\/p>\n","protected":false},"author":0,"featured_media":0,"comment_status":"open","ping_status":"open","sticky":false,"template":"","format":"standard","meta":[],"categories":[1],"tags":[],"_links":{"self":[{"href":"https:\/\/aprimora.site\/carvalhoalmeidaadvogados\/wp-json\/wp\/v2\/posts\/21302"}],"collection":[{"href":"https:\/\/aprimora.site\/carvalhoalmeidaadvogados\/wp-json\/wp\/v2\/posts"}],"about":[{"href":"https:\/\/aprimora.site\/carvalhoalmeidaadvogados\/wp-json\/wp\/v2\/types\/post"}],"replies":[{"embeddable":true,"href":"https:\/\/aprimora.site\/carvalhoalmeidaadvogados\/wp-json\/wp\/v2\/comments?post=21302"}],"version-history":[{"count":0,"href":"https:\/\/aprimora.site\/carvalhoalmeidaadvogados\/wp-json\/wp\/v2\/posts\/21302\/revisions"}],"wp:attachment":[{"href":"https:\/\/aprimora.site\/carvalhoalmeidaadvogados\/wp-json\/wp\/v2\/media?parent=21302"}],"wp:term":[{"taxonomy":"category","embeddable":true,"href":"https:\/\/aprimora.site\/carvalhoalmeidaadvogados\/wp-json\/wp\/v2\/categories?post=21302"},{"taxonomy":"post_tag","embeddable":true,"href":"https:\/\/aprimora.site\/carvalhoalmeidaadvogados\/wp-json\/wp\/v2\/tags?post=21302"}],"curies":[{"name":"wp","href":"https:\/\/api.w.org\/{rel}","templated":true}]}}