{"id":21300,"date":"2026-03-15T07:05:41","date_gmt":"2026-03-15T10:05:41","guid":{"rendered":"https:\/\/aprimora.site\/carvalhoalmeidaadvogados\/2026\/03\/15\/o-que-fica-quando-o-verificador-independente-vai-embora\/"},"modified":"2026-03-15T07:05:41","modified_gmt":"2026-03-15T10:05:41","slug":"o-que-fica-quando-o-verificador-independente-vai-embora","status":"publish","type":"post","link":"https:\/\/aprimora.site\/carvalhoalmeidaadvogados\/2026\/03\/15\/o-que-fica-quando-o-verificador-independente-vai-embora\/","title":{"rendered":"O que fica quando o verificador independente vai embora?"},"content":{"rendered":"<p>O <a href=\"https:\/\/www.jota.info\/tudo-sobre\/verificador%20independente\">verificador independente<\/a> (VI) tornou-se presen\u00e7a recorrente nas concess\u00f5es brasileiras. Sua ado\u00e7\u00e3o deixou de ser exce\u00e7\u00e3o e passou a integrar o padr\u00e3o nos projetos de infraestrutura. Ainda assim, a sua consolida\u00e7\u00e3o do instrumento n\u00e3o tem sido acompanhada por uma reflex\u00e3o equivalente sobre como ele deve ser utilizado e a sua fun\u00e7\u00e3o nesses contratos.<\/p>\n<p>Essa lacuna ajuda a explicar o que se observa na pr\u00e1tica. A an\u00e1lise de concess\u00f5es recentes revela um conjunto de tens\u00f5es em torno do papel do VI. O escopo de sua atua\u00e7\u00e3o, a forma como suas manifesta\u00e7\u00f5es s\u00e3o utilizadas pelo Poder P\u00fablico e os modelos de contrata\u00e7\u00e3o frequentemente se tornam objeto de disputas. Em muitos casos, o VI \u00e9 chamado a desempenhar fun\u00e7\u00f5es pr\u00f3ximas ao n\u00facleo da atua\u00e7\u00e3o administrativa, jogando luz a essas quest\u00f5es. Isso ocorre, por exemplo, quando a Administra\u00e7\u00e3o P\u00fablica deixa de elaborar manifesta\u00e7\u00f5es pr\u00f3prias e recorre integralmente \u00e0s an\u00e1lises do VI para decidir sobre determinadas mat\u00e9rias.<\/p>\n<p class=\"jota-cta\"><a href=\"https:\/\/www.jota.info\/produtos\/poder?utm_source=cta-site&amp;utm_medium=site&amp;utm_campaign=campanha_poder_q2&amp;utm_id=cta_texto_poder_q2_2023&amp;utm_term=cta_texto_poder&amp;utm_term=cta_texto_poder_meio_materias\"><span>Conhe\u00e7a o <span class=\"jota\">JOTA<\/span> PRO Poder, plataforma de monitoramento que oferece transpar\u00eancia e previsibilidade para empresas<\/span><\/a><\/p>\n<p>Embora seja poss\u00edvel que, em alguns casos, essa op\u00e7\u00e3o decorra de concord\u00e2ncia com as an\u00e1lises do VI, sem obje\u00e7\u00f5es, o hist\u00f3rico de defici\u00eancias de capacidade estatal, especialmente entre entes subnacionais, d\u00e1 espa\u00e7o a uma leitura alternativa. Em contextos marcados por estruturas administrativas reduzidas e limita\u00e7\u00f5es or\u00e7ament\u00e1rias e t\u00e9cnicas, o recurso integral \u00e0s an\u00e1lises do VI pode n\u00e3o refletir uma concord\u00e2ncia com o seu conte\u00fado, mas uma forma de depend\u00eancia funcional.<\/p>\n<p>Nesses casos, o VI passa a funcionar como um mecanismo de compensa\u00e7\u00e3o de defici\u00eancias da Administra\u00e7\u00e3o P\u00fablica: entrega an\u00e1lises t\u00e9cnicas, reduz assimetrias de informa\u00e7\u00e3o e viabiliza decis\u00f5es mais c\u00e9leres.<\/p>\n<p>Mesmo quando funcional no curto prazo, esse arranjo pode produzir limita\u00e7\u00f5es ao potencial de uso do VI no longo prazo. Quando atua em substitui\u00e7\u00e3o ao Poder P\u00fablico, o conhecimento gerado pelo VI tende a permanecer fora da Administra\u00e7\u00e3o P\u00fablica e a experi\u00eancia n\u00e3o se converte, necessariamente, em capacidades estatais duradouras. Ao final do contrato, o VI se retira e leva consigo o aprendizado acumulado ao longo de anos de intera\u00e7\u00e3o com o projeto.<\/p>\n<p>A hip\u00f3tese subjacente a esse diagn\u00f3stico \u00e9 que o VI n\u00e3o precisa (e n\u00e3o deveria) operar apenas como resposta transit\u00f3ria a defici\u00eancias de capacidade estatal. Seu maior potencial pode estar em outra dire\u00e7\u00e3o: a de funcionar como vetor de aprendizado institucional, contribuindo para a forma\u00e7\u00e3o e o fortalecimento de capacidades p\u00fablicas necess\u00e1rias \u00e0 gest\u00e3o de contratos de longo prazo.<\/p>\n<p>Sob essa perspectiva, a constru\u00e7\u00e3o de aprendizado institucional com o apoio do VI poderia assumir, ao menos, duas dimens\u00f5es. Uma est\u00e1tica, relacionada \u00e0 produ\u00e7\u00e3o de subs\u00eddios t\u00e9cnicos, padr\u00f5es de an\u00e1lise e rotinas administrativas que aumentem a previsibilidade e a consist\u00eancia das decis\u00f5es p\u00fablicas; e outra din\u00e2mica, ligada \u00e0 capacidade de adapta\u00e7\u00e3o dos contratos ao longo do tempo.<\/p>\n<p>Para que esse potencial se concretize, a atua\u00e7\u00e3o do VI precisaria ser orientada \u00e0 gera\u00e7\u00e3o de informa\u00e7\u00e3o estruturada, sistematizada e apropri\u00e1vel pela Administra\u00e7\u00e3o P\u00fablica. Ferramentas de gest\u00e3o do conhecimento, bancos de dados contratuais e protocolos claros de intera\u00e7\u00e3o s\u00e3o exemplos de mecanismos alinhados a esse objetivo.<\/p>\n<p class=\"jota-cta\"><a href=\"https:\/\/conteudo.jota.info\/marketing-lp-newsletter-ultimas-noticias?utm_source=jota&amp;utm_medium=lp&amp;utm_campaign=23-09-2024-jota-lp-eleicoes-2024-eleicoes-2024-none-audiencias-none&amp;utm_content=eleicoes-2024&amp;utm_term=none\"><span>Assine gratuitamente a newsletter \u00daltimas Not\u00edcias do <span class=\"jota\">JOTA<\/span> e receba as principais not\u00edcias jur\u00eddicas e pol\u00edticas do dia no seu email<\/span><\/a><\/p>\n<p>\u00c9 a partir dessa perspectiva que o debate em torno do papel do verificador independente ganha relev\u00e2ncia no atual cen\u00e1rio de expans\u00e3o das concess\u00f5es e de consolida\u00e7\u00e3o do uso do VI. Se concebido apenas como fornecedor externo de solu\u00e7\u00f5es t\u00e9cnicas, seu impacto tende a ser limitado no tempo. A ideia de que o VI possa operar como instrumento de aprendizado institucional, contribuindo para a forma\u00e7\u00e3o de capacidades estatais duradouras, permanece como uma hip\u00f3tese que merece ser explorada.<\/p>","protected":false},"excerpt":{"rendered":"<p>O verificador independente (VI) tornou-se presen\u00e7a recorrente nas concess\u00f5es brasileiras. Sua ado\u00e7\u00e3o deixou de ser exce\u00e7\u00e3o e passou a integrar o padr\u00e3o nos projetos de infraestrutura. Ainda assim, a sua consolida\u00e7\u00e3o do instrumento n\u00e3o tem sido acompanhada por uma reflex\u00e3o equivalente sobre como ele deve ser utilizado e a sua fun\u00e7\u00e3o nesses contratos. Essa lacuna [&hellip;]<\/p>\n","protected":false},"author":0,"featured_media":0,"comment_status":"open","ping_status":"open","sticky":false,"template":"","format":"standard","meta":[],"categories":[1],"tags":[],"_links":{"self":[{"href":"https:\/\/aprimora.site\/carvalhoalmeidaadvogados\/wp-json\/wp\/v2\/posts\/21300"}],"collection":[{"href":"https:\/\/aprimora.site\/carvalhoalmeidaadvogados\/wp-json\/wp\/v2\/posts"}],"about":[{"href":"https:\/\/aprimora.site\/carvalhoalmeidaadvogados\/wp-json\/wp\/v2\/types\/post"}],"replies":[{"embeddable":true,"href":"https:\/\/aprimora.site\/carvalhoalmeidaadvogados\/wp-json\/wp\/v2\/comments?post=21300"}],"version-history":[{"count":0,"href":"https:\/\/aprimora.site\/carvalhoalmeidaadvogados\/wp-json\/wp\/v2\/posts\/21300\/revisions"}],"wp:attachment":[{"href":"https:\/\/aprimora.site\/carvalhoalmeidaadvogados\/wp-json\/wp\/v2\/media?parent=21300"}],"wp:term":[{"taxonomy":"category","embeddable":true,"href":"https:\/\/aprimora.site\/carvalhoalmeidaadvogados\/wp-json\/wp\/v2\/categories?post=21300"},{"taxonomy":"post_tag","embeddable":true,"href":"https:\/\/aprimora.site\/carvalhoalmeidaadvogados\/wp-json\/wp\/v2\/tags?post=21300"}],"curies":[{"name":"wp","href":"https:\/\/api.w.org\/{rel}","templated":true}]}}