{"id":21298,"date":"2026-03-15T05:14:19","date_gmt":"2026-03-15T08:14:19","guid":{"rendered":"https:\/\/aprimora.site\/carvalhoalmeidaadvogados\/2026\/03\/15\/o-protesto-da-cda-e-do-codigo-de-defesa-do-contribuinte\/"},"modified":"2026-03-15T05:14:19","modified_gmt":"2026-03-15T08:14:19","slug":"o-protesto-da-cda-e-do-codigo-de-defesa-do-contribuinte","status":"publish","type":"post","link":"https:\/\/aprimora.site\/carvalhoalmeidaadvogados\/2026\/03\/15\/o-protesto-da-cda-e-do-codigo-de-defesa-do-contribuinte\/","title":{"rendered":"O protesto da CDA e do C\u00f3digo de Defesa do Contribuinte"},"content":{"rendered":"<p>A <a href=\"https:\/\/www.planalto.gov.br\/ccivil_03\/leis\/lcp\/lcp225.htm\">LC 225<\/a> trouxe novo regime jur\u00eddico para os atos fazend\u00e1rios ao impor deveres para a Administra\u00e7\u00e3o Tribut\u00e1ria com for\u00e7a de normas gerais e voca\u00e7\u00e3o de controle de seus atos em fun\u00e7\u00e3o da finalidade, motiva\u00e7\u00e3o e proporcionalidade. Assim, \u00e9 inevit\u00e1vel reexaminar o protesto das CDAs, pr\u00e1tica difundida como instrumento de indu\u00e7\u00e3o ao pagamento e de publicidade do inadimplemento.<\/p>\n<p>Nos termos da Lei 9.492\/1997, ap\u00f3s a altera\u00e7\u00e3o da Lei 12.767\/2012, passou-se a incluir a <a href=\"https:\/\/www.jota.info\/tudo-sobre\/CDA\">CDA<\/a> entre os t\u00edtulos sujeitos a protesto. O STF, na ADI 5135, reconheceu a sua validade. O <a href=\"https:\/\/www.jota.info\/tudo-sobre\/STJ\">STJ<\/a> consolidou a possibilidade sem a necessidade de lei local espec\u00edfica, em raz\u00e3o do car\u00e1ter nacional da Lei 9.492\/1997. A quest\u00e3o, por\u00e9m, \u00e9 que, com o <a href=\"https:\/\/www.jota.info\/tudo-sobre\/CDC\">CDC<\/a>, o debate n\u00e3o \u00e9 mais sobre permiss\u00e3o abstrata, mas sobre as condi\u00e7\u00f5es concretas em que o protesto \u00e9 valido em fun\u00e7\u00e3o dos deveres de menor onerosidade, boa-f\u00e9 objetiva, motiva\u00e7\u00e3o qualificada e coopera\u00e7\u00e3o.<\/p>\n<p class=\"jota-cta\"><a href=\"https:\/\/www.jota.info\/produtos\/poder?utm_source=cta-site&amp;utm_medium=site&amp;utm_campaign=campanha_poder_q2&amp;utm_id=cta_texto_poder_q2_2023&amp;utm_term=cta_texto_poder&amp;utm_term=cta_texto_poder_meio_materias\"><span>Conhe\u00e7a o <span class=\"jota\">JOTA<\/span> PRO Poder, plataforma de monitoramento que oferece transpar\u00eancia e previsibilidade para empresas<\/span><\/a><\/p>\n<p>O art. 3\u00ba, V do CDC transforma a \u201cmenor onerosidade\u201d em dever de escolha do meio gravoso. A Administra\u00e7\u00e3o deve, assim, justificar quais as alternativas menos invasivas e quais s\u00e3o insuficientes no caso concreto. O protesto, por seus efeitos reputacionais imediatos (cr\u00e9dito banc\u00e1rio, risco percebido, contratos, licita\u00e7\u00f5es), n\u00e3o pode ser praticado como reflexo autom\u00e1tico da inscri\u00e7\u00e3o em d\u00edvida ativa. Efici\u00eancia arrecadat\u00f3ria, aqui, deve ser efici\u00eancia legalmente qualificada, compat\u00edvel com devido processo e com previsibilidade do ambiente de neg\u00f3cios.<\/p>\n<p>Esse dever de justifica\u00e7\u00e3o se manifesta por um filtro de necessidade. Antes de encaminhar a CDA a protesto, a Administra\u00e7\u00e3o deve demonstrar que provid\u00eancias foram tomadas como comunica\u00e7\u00e3o pr\u00e9via, regulariza\u00e7\u00e3o, parcelamento, transa\u00e7\u00e3o e mecanismos de conformidade e, ainda, quais se tornaram invi\u00e1veis diante de elementos verific\u00e1veis, como exemplo, contum\u00e1cia, resist\u00eancia injustificada, sinais concretos de frustra\u00e7\u00e3o do cr\u00e9dito. Sem essa demonstra\u00e7\u00e3o, o protesto tende a violar o art. 3\u00ba, V por excesso de meio.<\/p>\n<p>A LC 225 tamb\u00e9m imp\u00f5e a boa-f\u00e9 objetiva do contribuinte nos \u00e2mbitos judicial e extrajudicial (art. 3\u00ba, VII). Isso porque pol\u00edticas de cobran\u00e7a baseadas na presun\u00e7\u00e3o inversa, de que o contribuinte s\u00f3 adimplir\u00e1 sob constrangimento reputacional, tornam-se incompat\u00edveis com o CDC. Em termos pr\u00e1ticos, o protesto deve ser excepcional quando o contribuinte revela conduta cooperativa (apresenta documenta\u00e7\u00e3o, negocia, prop\u00f5e solu\u00e7\u00e3o, oferece garantia id\u00f4nea e n\u00e3o litiga temerariamente), reservando-se instrumentos mais gravosos a hip\u00f3teses em que a boa-f\u00e9 esteja objetivamente infirmada por evid\u00eancias.<\/p>\n<p>O eixo central \u00e9 a motiva\u00e7\u00e3o. O art. 3\u00ba, VIII e o \u00a7 4\u00ba exigem indica\u00e7\u00e3o de pressupostos de fato e de direito, com motiva\u00e7\u00e3o espec\u00edfica para atos que imponham \u00f4nus ou restri\u00e7\u00f5es, e o protesto claramente produz \u00f4nus. A motiva\u00e7\u00e3o, portanto, n\u00e3o pode ser padronizada. Deve explicitar (i) a finalidade concreta do protesto naquele caso; (ii) os fatos que evidenciam risco de frustra\u00e7\u00e3o ou insufici\u00eancia de meios menos gravosos; (iii) a raz\u00e3o pela qual a medida \u00e9 necess\u00e1ria e proporcional, \u00e0 luz do art. 3\u00ba, V; e (iv) a compatibilidade do ato com o <em>status<\/em> jur\u00eddico do cr\u00e9dito (discuss\u00e3o administrativa\/judicial, garantias ofertadas ou ofert\u00e1veis).<\/p>\n<p>Esse requisito conduz a uma exig\u00eancia procedimental m\u00ednima da Administra\u00e7\u00e3o. A comunica\u00e7\u00e3o pr\u00e9via, com prazo razo\u00e1vel para regulariza\u00e7\u00e3o, apresenta\u00e7\u00e3o de elementos de suspens\u00e3o de exigibilidade ou oferta de garantia. O envio ao cart\u00f3rio \u00e9 ato administrativo e deve ser precedido de decis\u00e3o formal, ainda que simplificada, apta ao controle e \u00e0 contradita. A converg\u00eancia com o art. 50 da Lei 9.784\/1999 refor\u00e7a a ideia de que autoriza\u00e7\u00e3o legal n\u00e3o substitui motiva\u00e7\u00e3o racional e contextual.<\/p>\n<p>H\u00e1, ainda, um limite l\u00f3gico relevante. O protesto n\u00e3o pode servir para contornar hip\u00f3teses de suspens\u00e3o de exigibilidade previstas no art. 151 do CTN (morat\u00f3ria, dep\u00f3sito, recursos administrativos, liminar, parcelamento, entre outras). Ainda que se argumente que protesto n\u00e3o \u00e9 \u201ccobran\u00e7a\u201d em sentido estrito, seus efeitos s\u00e3o indutivos e potencialmente coercitivos. Se h\u00e1 suspens\u00e3o, a Administra\u00e7\u00e3o deve enfrentar expressamente essa circunst\u00e2ncia e demonstrar a compatibilidade do protesto com a situa\u00e7\u00e3o jur\u00eddica do cr\u00e9dito, sob pena de ilegalidade por incongru\u00eancia e desvio de meio.<\/p>\n<p>O CDC tamb\u00e9m protege o contribuinte contra formas indiretas de antecipa\u00e7\u00e3o econ\u00f4mica do resultado do contencioso. O art. 4\u00ba, XVII assegura que a garantia prestada por fian\u00e7a banc\u00e1ria ou seguro garantia somente seja liquidada ap\u00f3s o tr\u00e2nsito em julgado de decis\u00e3o de m\u00e9rito desfavor\u00e1vel. Embora o protesto n\u00e3o seja execu\u00e7\u00e3o da garantia, ele pode produzir efeito funcional equivalente quando encarece ou inviabiliza a contrata\u00e7\u00e3o\/manuten\u00e7\u00e3o de garantias, exigindo contragarantias adicionais e pressionando a desist\u00eancia de discuss\u00e3o leg\u00edtima. Nesses cen\u00e1rios, especialmente quando o cr\u00e9dito est\u00e1 judicializado e regularmente garantido, forma-se uma presun\u00e7\u00e3o de desnecessidade do protesto, salvo motiva\u00e7\u00e3o refor\u00e7ada que demonstre finalidade distinta e necessidade concreta.<\/p>\n<p>Por fim, o art. 6\u00ba orienta a resolu\u00e7\u00e3o cooperativa das controv\u00e9rsias e exige considera\u00e7\u00e3o da capacidade econ\u00f4mica (inc. II) e do hist\u00f3rico de conformidade (inc. III). Esses crit\u00e9rios imp\u00f5em a demonstra\u00e7\u00e3o efetiva da recuperabilidade do cr\u00e9dito, do comportamento hist\u00f3rico do contribuinte, da viabilidade de garantia, da exist\u00eancia de negocia\u00e7\u00e3o e de ind\u00edcios de frustra\u00e7\u00e3o que justifiquem seus atos. O protesto indiscriminado por crit\u00e9rios autom\u00e1ticos e sem individualiza\u00e7\u00e3o, tende a aumentar litigiosidade e a contrariar o modelo de administra\u00e7\u00e3o por risco acolhido pela LC 225.<\/p>\n<p class=\"jota-cta\"><a href=\"https:\/\/conteudo.jota.info\/cadastro-em-newsletter-curadoria-jota-pro-tributos\">Receba de gra\u00e7a todas as sextas-feiras um resumo da semana tribut\u00e1ria no seu email<\/a><\/p>\n<p>A partir desses vetores, pode-se enunciar um padr\u00e3o de legalidade para o protesto que dever\u00e1 ter (a) motiva\u00e7\u00e3o, finalidade e necessidade concretas e individualizadas, (b) indica\u00e7\u00e3o de alternativas menos gravosas, (c) compatibilidade com suspens\u00e3o de exigibilidade e com garantias e, (d) abertura para revis\u00e3o e cancelamento c\u00e9lere do protesto quando houver pagamento, parcelamento, suspens\u00e3o, garantia id\u00f4nea ou v\u00edcio na CDA.<\/p>\n<p>Em s\u00edntese, a LC 225 n\u00e3o elimina o protesto, mas o reconduz \u00e0 condi\u00e7\u00e3o de medida excepcional, progressiva e control\u00e1vel. O que se torna juridicamente vulner\u00e1vel \u00e9 o protesto padronizado, automatizado e indiferente \u00e0s circunst\u00e2ncias do contribuinte, deslocando o debate do plano da permiss\u00e3o abstrata para o plano do controle de racionalidade e de motiva\u00e7\u00e3o administrativa.<\/p>","protected":false},"excerpt":{"rendered":"<p>A LC 225 trouxe novo regime jur\u00eddico para os atos fazend\u00e1rios ao impor deveres para a Administra\u00e7\u00e3o Tribut\u00e1ria com for\u00e7a de normas gerais e voca\u00e7\u00e3o de controle de seus atos em fun\u00e7\u00e3o da finalidade, motiva\u00e7\u00e3o e proporcionalidade. Assim, \u00e9 inevit\u00e1vel reexaminar o protesto das CDAs, pr\u00e1tica difundida como instrumento de indu\u00e7\u00e3o ao pagamento e de [&hellip;]<\/p>\n","protected":false},"author":0,"featured_media":0,"comment_status":"open","ping_status":"open","sticky":false,"template":"","format":"standard","meta":[],"categories":[1],"tags":[],"_links":{"self":[{"href":"https:\/\/aprimora.site\/carvalhoalmeidaadvogados\/wp-json\/wp\/v2\/posts\/21298"}],"collection":[{"href":"https:\/\/aprimora.site\/carvalhoalmeidaadvogados\/wp-json\/wp\/v2\/posts"}],"about":[{"href":"https:\/\/aprimora.site\/carvalhoalmeidaadvogados\/wp-json\/wp\/v2\/types\/post"}],"replies":[{"embeddable":true,"href":"https:\/\/aprimora.site\/carvalhoalmeidaadvogados\/wp-json\/wp\/v2\/comments?post=21298"}],"version-history":[{"count":0,"href":"https:\/\/aprimora.site\/carvalhoalmeidaadvogados\/wp-json\/wp\/v2\/posts\/21298\/revisions"}],"wp:attachment":[{"href":"https:\/\/aprimora.site\/carvalhoalmeidaadvogados\/wp-json\/wp\/v2\/media?parent=21298"}],"wp:term":[{"taxonomy":"category","embeddable":true,"href":"https:\/\/aprimora.site\/carvalhoalmeidaadvogados\/wp-json\/wp\/v2\/categories?post=21298"},{"taxonomy":"post_tag","embeddable":true,"href":"https:\/\/aprimora.site\/carvalhoalmeidaadvogados\/wp-json\/wp\/v2\/tags?post=21298"}],"curies":[{"name":"wp","href":"https:\/\/api.w.org\/{rel}","templated":true}]}}