{"id":21292,"date":"2026-03-14T06:06:22","date_gmt":"2026-03-14T09:06:22","guid":{"rendered":"https:\/\/aprimora.site\/carvalhoalmeidaadvogados\/2026\/03\/14\/integracao-regional-na-era-da-complexidade-regulatoria\/"},"modified":"2026-03-14T06:06:22","modified_gmt":"2026-03-14T09:06:22","slug":"integracao-regional-na-era-da-complexidade-regulatoria","status":"publish","type":"post","link":"https:\/\/aprimora.site\/carvalhoalmeidaadvogados\/2026\/03\/14\/integracao-regional-na-era-da-complexidade-regulatoria\/","title":{"rendered":"Integra\u00e7\u00e3o regional na era da complexidade regulat\u00f3ria"},"content":{"rendered":"<p>Durante muito tempo, a integra\u00e7\u00e3o regional foi associada principalmente \u00e0 celebra\u00e7\u00e3o de acordos e \u00e0 amplia\u00e7\u00e3o de prefer\u00eancias comerciais. Esses instrumentos seguem centrais. Ainda assim, o ambiente internacional tornou-se mais complexo e passou a exigir que a integra\u00e7\u00e3o incorpore, de forma mais expl\u00edcita, sua dimens\u00e3o regulat\u00f3ria e institucional.<\/p>\n<p>A multiplica\u00e7\u00e3o de padr\u00f5es t\u00e9cnicos, requisitos sanit\u00e1rios, normas ambientais e sistemas de certifica\u00e7\u00e3o alterou de maneira significativa as condi\u00e7\u00f5es de acesso aos mercados. Tarifas continuam relevantes, mas j\u00e1 n\u00e3o s\u00e3o o \u00fanico fator determinante. A inser\u00e7\u00e3o internacional depende cada vez mais da previsibilidade normativa, da compatibilidade entre marcos regulat\u00f3rios e da capacidade administrativa de implementar, com consist\u00eancia, os compromissos assumidos.<\/p>\n<p class=\"jota-cta\"><a href=\"https:\/\/www.jota.info\/produtos\/poder?utm_source=cta-site&amp;utm_medium=site&amp;utm_campaign=campanha_poder_q2&amp;utm_id=cta_texto_poder_q2_2023&amp;utm_term=cta_texto_poder&amp;utm_term=cta_texto_poder_meio_materias\"><span>Conhe\u00e7a o <span class=\"jota\">JOTA<\/span> PRO Poder, plataforma de monitoramento que oferece transpar\u00eancia e previsibilidade para empresas<\/span><\/a><\/p>\n<p>N\u00e3o se trata de substituir modelos anteriores, mas de reconhecer que eles passaram a conviver com exig\u00eancias adicionais. A integra\u00e7\u00e3o contempor\u00e2nea combina acordos formais com processos permanentes de di\u00e1logo entre autoridades t\u00e9cnicas, ag\u00eancias reguladoras e \u00f3rg\u00e3os respons\u00e1veis pela aplica\u00e7\u00e3o dom\u00e9stica das normas. A qualidade dessa coordena\u00e7\u00e3o influencia diretamente a seguran\u00e7a jur\u00eddica e a estabilidade das rela\u00e7\u00f5es econ\u00f4micas.<\/p>\n<p>Na Am\u00e9rica Latina, essa realidade \u00e9 particularmente relevante. Economias com forte participa\u00e7\u00e3o no com\u00e9rcio internacional e setores produtivos sens\u00edveis a requisitos normativos encontram na agenda regulat\u00f3ria um espa\u00e7o estrat\u00e9gico de coopera\u00e7\u00e3o. Converg\u00eancias poss\u00edveis, interc\u00e2mbio t\u00e9cnico e redu\u00e7\u00e3o de assimetrias administrativas contribuem para fortalecer a confian\u00e7a e reduzir incertezas.<\/p>\n<p>A integra\u00e7\u00e3o, vista por esse prisma, assume car\u00e1ter cont\u00ednuo. Sua efetividade depende menos de an\u00fancios formais e mais da capacidade de traduzir compromissos internacionais em pr\u00e1ticas administrativas claras e previs\u00edveis. Quando existem canais t\u00e9cnicos est\u00e1veis e di\u00e1logo regular entre institui\u00e7\u00f5es, as solu\u00e7\u00f5es tendem a ser mais consistentes e graduais.<\/p>\n<p>O Brasil ocupa lugar relevante nesse processo. A dimens\u00e3o de sua economia e a densidade de seu aparato institucional oferecem base importante para iniciativas de coopera\u00e7\u00e3o regulat\u00f3ria. A experi\u00eancia acumulada por suas institui\u00e7\u00f5es, em intera\u00e7\u00e3o com as capacidades desenvolvidas por outros pa\u00edses da regi\u00e3o, amplia o espa\u00e7o para converg\u00eancias graduais e pragm\u00e1ticas.<\/p>\n<p class=\"jota-cta\"><a href=\"https:\/\/conteudo.jota.info\/marketing-lp-newsletter-ultimas-noticias?utm_source=jota&amp;utm_medium=lp&amp;utm_campaign=23-09-2024-jota-lp-eleicoes-2024-eleicoes-2024-none-audiencias-none&amp;utm_content=eleicoes-2024&amp;utm_term=none\"><span>Assine gratuitamente a newsletter \u00daltimas Not\u00edcias do <span class=\"jota\">JOTA<\/span> e receba as principais not\u00edcias jur\u00eddicas e pol\u00edticas do dia no seu email<\/span><\/a><\/p>\n<p>Observar a integra\u00e7\u00e3o sob essa perspectiva permite deslocar o foco exclusivo dos atos formais para os mecanismos que lhes d\u00e3o concretude. Procedimentos administrativos bem estruturados, inst\u00e2ncias t\u00e9cnicas permanentes e transpar\u00eancia regulat\u00f3ria tornam-se elementos decisivos para sustentar rela\u00e7\u00f5es econ\u00f4micas est\u00e1veis.<\/p>\n<p>Em um cen\u00e1rio internacional marcado por maior complexidade normativa, a integra\u00e7\u00e3o regional tende a afirmar-se como constru\u00e7\u00e3o gradual, apoiada em coopera\u00e7\u00e3o t\u00e9cnica e coordena\u00e7\u00e3o institucional. Mais do que um modelo fechado, ela se consolida como processo em evolu\u00e7\u00e3o, orientado pela busca de previsibilidade, confian\u00e7a e desenvolvimento compartilhado.<\/p>","protected":false},"excerpt":{"rendered":"<p>Durante muito tempo, a integra\u00e7\u00e3o regional foi associada principalmente \u00e0 celebra\u00e7\u00e3o de acordos e \u00e0 amplia\u00e7\u00e3o de prefer\u00eancias comerciais. Esses instrumentos seguem centrais. Ainda assim, o ambiente internacional tornou-se mais complexo e passou a exigir que a integra\u00e7\u00e3o incorpore, de forma mais expl\u00edcita, sua dimens\u00e3o regulat\u00f3ria e institucional. A multiplica\u00e7\u00e3o de padr\u00f5es t\u00e9cnicos, requisitos sanit\u00e1rios, [&hellip;]<\/p>\n","protected":false},"author":0,"featured_media":0,"comment_status":"open","ping_status":"open","sticky":false,"template":"","format":"standard","meta":[],"categories":[1],"tags":[],"_links":{"self":[{"href":"https:\/\/aprimora.site\/carvalhoalmeidaadvogados\/wp-json\/wp\/v2\/posts\/21292"}],"collection":[{"href":"https:\/\/aprimora.site\/carvalhoalmeidaadvogados\/wp-json\/wp\/v2\/posts"}],"about":[{"href":"https:\/\/aprimora.site\/carvalhoalmeidaadvogados\/wp-json\/wp\/v2\/types\/post"}],"replies":[{"embeddable":true,"href":"https:\/\/aprimora.site\/carvalhoalmeidaadvogados\/wp-json\/wp\/v2\/comments?post=21292"}],"version-history":[{"count":0,"href":"https:\/\/aprimora.site\/carvalhoalmeidaadvogados\/wp-json\/wp\/v2\/posts\/21292\/revisions"}],"wp:attachment":[{"href":"https:\/\/aprimora.site\/carvalhoalmeidaadvogados\/wp-json\/wp\/v2\/media?parent=21292"}],"wp:term":[{"taxonomy":"category","embeddable":true,"href":"https:\/\/aprimora.site\/carvalhoalmeidaadvogados\/wp-json\/wp\/v2\/categories?post=21292"},{"taxonomy":"post_tag","embeddable":true,"href":"https:\/\/aprimora.site\/carvalhoalmeidaadvogados\/wp-json\/wp\/v2\/tags?post=21292"}],"curies":[{"name":"wp","href":"https:\/\/api.w.org\/{rel}","templated":true}]}}