{"id":21290,"date":"2026-03-13T22:11:02","date_gmt":"2026-03-14T01:11:02","guid":{"rendered":"https:\/\/aprimora.site\/carvalhoalmeidaadvogados\/?p=21290"},"modified":"2026-03-13T22:11:02","modified_gmt":"2026-03-14T01:11:02","slug":"trt-15-promove-integracao-da-terceira-turma-de-jovens-aprendizes","status":"publish","type":"post","link":"https:\/\/aprimora.site\/carvalhoalmeidaadvogados\/2026\/03\/13\/trt-15-promove-integracao-da-terceira-turma-de-jovens-aprendizes\/","title":{"rendered":"TRT-15 promove integra\u00e7\u00e3o da terceira turma de jovens aprendizes"},"content":{"rendered":"<p><span>TRT-15 promove integra\u00e7\u00e3o da terceira turma de jovens aprendizes<\/span><\/p>\n<div>  <a href=\"https:\/\/trt15.jus.br\/noticia\/2026\/trt-15-promove-integracao-da-terceira-turma-de-jovens-aprendizes\"><\/a>\n<\/div>\n<p><span><span>anasiqueira<\/span><\/span><\/p>\n<p><span>Sex, 13\/03\/2026 &#8211; 19:11<\/span><\/p>\n<div>\n<div>TRT-15 promove integra\u00e7\u00e3o da terceira turma de jovens aprendizes<\/div>\n<\/div>\n<div>\n<div class=\"visually-hidden\">Conte\u00fado da Not\u00edcia<\/div>\n<div>\n<p>A presidente do Tribunal Regional do Trabalho da 15\u00aa Regi\u00e3o, desembargadora Ana Paula Pellegrina Lockmann, recebeu, na manh\u00e3 desta sexta-feira, 13\/3, a terceira turma de jovens aprendizes que passam a atuar no tribunal. A cerim\u00f4nia de recep\u00e7\u00e3o foi realizada no Sal\u00e3o Nobre da Presid\u00eancia e reuniu representantes do Minist\u00e9rio do Trabalho, das entidades formadoras e das empresas parceiras. Ao todo, 28 jovens, com idade entre 16 e 17 anos, iniciam a jornada de aprendizagem na institui\u00e7\u00e3o.<\/p>\n\n<p>A presidente Ana Paula Lockmann deu as boas-vindas aos participantes e destacou a oportunidade que o programa de aprendizagem representa para o in\u00edcio da trajet\u00f3ria profissional. A magistrada incentivou os aprendizes a aproveitarem ao m\u00e1ximo essa experi\u00eancia e agradeceu a parceria do Minist\u00e9rio do Trabalho, das entidades formadoras e das empresas participantes do programa. Segundo a presidente, o desenvolvimento e o aproveitamento dos jovens s\u00e3o motivo de grande satisfa\u00e7\u00e3o para a institui\u00e7\u00e3o.<\/p>\n\n<p>Tamb\u00e9m esteve presente o desembargador Jo\u00e3o Batista Martins C\u00e9sar, coordenador do Comit\u00ea Regional de Combate ao Trabalho Infantil e de Est\u00edmulo \u00e0 Aprendizagem do TRT-15, que refor\u00e7ou o compromisso da Justi\u00e7a do Trabalho com a promo\u00e7\u00e3o de oportunidades para adolescentes e jovens por meio da aprendizagem profissional.<\/p>\n\n<p>Os representantes do Minist\u00e9rio do Trabalho, Carlos Alberto de Oliveira, do Servi\u00e7o Nacional de Aprendizagem Comercial (Senac), Sanae Murayama Saito, e da Associa\u00e7\u00e3o dos Patrulheiros de Campinas, Leandro Lucas Garcez, tamb\u00e9m se dirigiram aos aprendizes.<\/p>\n<p> Em suas falas, destacaram a import\u00e2ncia do programa de aprendizagem como porta de entrada para o mundo do trabalho e ressaltaram a responsabilidade que acompanha essa oportunidade. Os jovens s\u00e3o incentivados a demonstrar comprometimento e dedica\u00e7\u00e3o ao longo do per\u00edodo de forma\u00e7\u00e3o, tornando-se exemplos positivos para a sociedade e inspira\u00e7\u00e3o para outros adolescentes que buscam ingressar no mercado de trabalho.<\/p>\n<p>\nAp\u00f3s a recep\u00e7\u00e3o, os aprendizes participaram de uma programa\u00e7\u00e3o de integra\u00e7\u00e3o ao longo do dia, com atividades voltadas \u00e0 apresenta\u00e7\u00e3o do programa e \u00e0 ambienta\u00e7\u00e3o no tribunal. A agenda incluiu encontro com orientadores, momentos de capacita\u00e7\u00e3o conduzidos por profissionais do Senac, MTE e da Associa\u00e7\u00e3o dos Patrulheiros, al\u00e9m de um bate-papo com o desembargador Jo\u00e3o Batista Martins C\u00e9sar, proporcionando aos jovens uma primeira aproxima\u00e7\u00e3o com o funcionamento institucional e com as atividades que desenvolver\u00e3o durante o per\u00edodo de aprendizagem.\u00a0<\/p>\n\n<p><strong>Programa de Aprendizagem no TRT-15<\/strong><\/p>\n<p>As empresas parceiras Converd Servi\u00e7os e Cons\u00f3rcio Campi, representadas na cerim\u00f4nia pelos gerentes Gisele Dantas, Leandro Ribeiro e Alfrane Ricardo, s\u00e3o as respons\u00e1veis pela contrata\u00e7\u00e3o dos 28 novos aprendizes. Como desenvolvem atividades consideradas incompat\u00edveis com o trabalho de menores de 18 anos, os jovens contratados passam a realizar suas atividades pr\u00e1ticas nas depend\u00eancias do TRT-15, onde t\u00eam a oportunidade de vivenciar o cotidiano institucional da Justi\u00e7a do Trabalho.<\/p>\n<p>A forma\u00e7\u00e3o te\u00f3rica dos aprendizes \u00e9 realizada em parceria com o Senac e a Associa\u00e7\u00e3o dos Patrulheiros de Campinas, respons\u00e1veis pelo acompanhamento pedag\u00f3gico e pela capacita\u00e7\u00e3o profissional dos estudantes.<\/p>\n<p>Esta \u00e9 a terceira turma de aprendizes recebida pelo TRT-15. Assim como nas turmas anteriores, o contrato tem dura\u00e7\u00e3o de 15 meses, per\u00edodo em que os jovens conciliam a experi\u00eancia pr\u00e1tica no tribunal com a forma\u00e7\u00e3o te\u00f3rica oferecida pelas entidades formadoras. A gest\u00e3o do programa no TRT-15 est\u00e1 a cargo da servidora Renata Chaib Beltramelli, da Coordenadoria de Desenvolvimento de Pessoas.<\/p>\n<\/div><\/div>\n<div>\n<div>Unidade Respons\u00e1vel:<\/div>\n<div>Comunica\u00e7\u00e3o Social<\/div>\n<\/div>\n<div>Sex, 13\/03\/2026 &#8211; 19:11<\/div>\n<p>      <span class=\"a2a_kit a2a_kit_size_16 addtoany_list\"><a class=\"a2a_dd addtoany_share\" href=\"https:\/\/www.addtoany.com\/share#url=https%3A%2F%2Ftrt15.jus.br%2Fnoticia%2F2026%2Ftrt-15-promove-integracao-da-terceira-turma-de-jovens-aprendizes&amp;title=TRT-15%20promove%20integra%C3%A7%C3%A3o%20da%20terceira%20turma%20de%20jovens%20aprendizes\"><\/a><a class=\"a2a_button_whatsapp\"><\/a><a class=\"a2a_button_google_gmail\"><\/a><a class=\"a2a_button_twitter\"><\/a><a class=\"a2a_button_facebook\"><\/a><a class=\"a2a_button_linkedin\"><\/a><\/span><\/p>","protected":false},"excerpt":{"rendered":"<p>TRT-15 promove integra\u00e7\u00e3o da terceira turma de jovens aprendizes anasiqueira Sex, 13\/03\/2026 &#8211; 19:11 TRT-15 promove integra\u00e7\u00e3o da terceira turma de jovens aprendizes Conte\u00fado da Not\u00edcia A presidente do Tribunal Regional do Trabalho da 15\u00aa Regi\u00e3o, desembargadora Ana Paula Pellegrina Lockmann, recebeu, na manh\u00e3 desta sexta-feira, 13\/3, a terceira turma de jovens aprendizes que passam [&hellip;]<\/p>\n","protected":false},"author":0,"featured_media":21291,"comment_status":"open","ping_status":"open","sticky":false,"template":"","format":"standard","meta":[],"categories":[1],"tags":[],"_links":{"self":[{"href":"https:\/\/aprimora.site\/carvalhoalmeidaadvogados\/wp-json\/wp\/v2\/posts\/21290"}],"collection":[{"href":"https:\/\/aprimora.site\/carvalhoalmeidaadvogados\/wp-json\/wp\/v2\/posts"}],"about":[{"href":"https:\/\/aprimora.site\/carvalhoalmeidaadvogados\/wp-json\/wp\/v2\/types\/post"}],"replies":[{"embeddable":true,"href":"https:\/\/aprimora.site\/carvalhoalmeidaadvogados\/wp-json\/wp\/v2\/comments?post=21290"}],"version-history":[{"count":0,"href":"https:\/\/aprimora.site\/carvalhoalmeidaadvogados\/wp-json\/wp\/v2\/posts\/21290\/revisions"}],"wp:featuredmedia":[{"embeddable":true,"href":"https:\/\/aprimora.site\/carvalhoalmeidaadvogados\/wp-json\/wp\/v2\/media\/21291"}],"wp:attachment":[{"href":"https:\/\/aprimora.site\/carvalhoalmeidaadvogados\/wp-json\/wp\/v2\/media?parent=21290"}],"wp:term":[{"taxonomy":"category","embeddable":true,"href":"https:\/\/aprimora.site\/carvalhoalmeidaadvogados\/wp-json\/wp\/v2\/categories?post=21290"},{"taxonomy":"post_tag","embeddable":true,"href":"https:\/\/aprimora.site\/carvalhoalmeidaadvogados\/wp-json\/wp\/v2\/tags?post=21290"}],"curies":[{"name":"wp","href":"https:\/\/api.w.org\/{rel}","templated":true}]}}