{"id":21283,"date":"2026-03-13T17:11:52","date_gmt":"2026-03-13T20:11:52","guid":{"rendered":"https:\/\/aprimora.site\/carvalhoalmeidaadvogados\/?p=21283"},"modified":"2026-03-13T17:11:52","modified_gmt":"2026-03-13T20:11:52","slug":"3a-camara-reconhece-de-oficio-a-competencia-do-jeia-para-julgamento-de-processo-envolvendo-menina-de-13-anos","status":"publish","type":"post","link":"https:\/\/aprimora.site\/carvalhoalmeidaadvogados\/2026\/03\/13\/3a-camara-reconhece-de-oficio-a-competencia-do-jeia-para-julgamento-de-processo-envolvendo-menina-de-13-anos\/","title":{"rendered":"3\u00aa C\u00e2mara reconhece, de of\u00edcio, a compet\u00eancia do Jeia para julgamento de processo envolvendo menina de 13 anos"},"content":{"rendered":"<p><span>3\u00aa C\u00e2mara reconhece, de of\u00edcio, a compet\u00eancia do Jeia para julgamento de processo envolvendo menina de 13 anos<\/span><\/p>\n<div>  <a href=\"https:\/\/trt15.jus.br\/noticia\/2026\/3a-camara-reconhece-de-oficio-competencia-do-jeia-para-julgamento-de-processo\"><\/a>\n<\/div>\n<p><span><span>nelipimenta<\/span><\/span><\/p>\n<p><span>Sex, 13\/03\/2026 &#8211; 14:11<\/span><\/p>\n<div>\n<div>3\u00aa C\u00e2mara reconhece, de of\u00edcio, a compet\u00eancia do Jeia para julgamento de processo envolvendo menina de 13 anos<\/div>\n<\/div>\n<div>\n<div class=\"visually-hidden\">Conte\u00fado da Not\u00edcia<\/div>\n<div>\n<p>Ao apreciar o recurso de um empregador, a 3\u00aa C\u00e2mara do Tribunal Regional do Trabalho da 15\u00aa Regi\u00e3o determinou, de of\u00edcio, a remessa do processo ao Juizado Especial da Inf\u00e2ncia e Adolesc\u00eancia (Jeia)\u00a0 da circunscri\u00e7\u00e3o de Campinas para nova an\u00e1lise e julgamento. O processo havia tramitado perante a 2\u00aa Vara do Trabalho de Americana.<\/p>\n<p>Segundo consta dos autos, a menina contava com 13 anos \u00e0 \u00e9poca da presta\u00e7\u00e3o de servi\u00e7os, \u201craz\u00e3o pela qual, a quest\u00e3o posta em discuss\u00e3o deveria ter sido analisada e julgada pelo Juizado Especial da Inf\u00e2ncia e Adolesc\u00eancia\u201d, fundamentou o relator do ac\u00f3rd\u00e3o, desembargador Helcio Dantas Lobo Junior.<\/p>\n<p>Ainda de acordo com o ac\u00f3rd\u00e3o, a Resolu\u00e7\u00e3o Administrativa n\u00ba 14\/2014 do TRT\/15 estabelece que os Juizados Especiais da Inf\u00e2ncia e Adolesc\u00eancia possuem compet\u00eancia material para analisar, conciliar e julgar processos que envolvam trabalhadores com menos de 18 anos de idade, incluindo pedidos de autoriza\u00e7\u00e3o para o trabalho de crian\u00e7as e adolescentes, a\u00e7\u00f5es coletivas e outras demandas relacionadas ao trabalho infantil.<\/p>\n<p>A decis\u00e3o tamb\u00e9m ressaltou a necessidade de participa\u00e7\u00e3o do Minist\u00e9rio P\u00fablico do Trabalho em processos que envolvem interesses de crian\u00e7as e adolescentes, o que n\u00e3o foi observado.<\/p>\n<p><strong>Prote\u00e7\u00e3o integral de crian\u00e7as e adolescentes<\/strong><\/p>\n<p>O TRT-15 \u00e9 considerado pioneiro na cria\u00e7\u00e3o de estruturas especializadas voltadas \u00e0 an\u00e1lise de demandas envolvendo trabalho infantil e trabalho de adolescentes. Os Jeias foram institu\u00eddos no \u00e2mbito do tribunal para assegurar tratamento jurisdicional adequado a casos que envolvem trabalhadores com idade inferior a 18 anos, com atua\u00e7\u00e3o voltada \u00e0 prote\u00e7\u00e3o integral e \u00e0 preven\u00e7\u00e3o de viola\u00e7\u00f5es de direitos.<\/p>\n<p>Para o desembargador Helcio Dantas, a especializa\u00e7\u00e3o do Poder Judici\u00e1rio para a an\u00e1lise de demandas envolvendo crian\u00e7as e adolescentes tem se consolidado como um mecanismo indispens\u00e1vel para assegurar a efetiva\u00e7\u00e3o dos direitos fundamentais dessas pessoas em peculiar condi\u00e7\u00e3o de desenvolvimento.<br \/>\nProcesso n\u00ba. 0011832-79.2023.5.15.0099<\/p>\n<p><em>Foto: banco de imagens Envato.<\/em><\/p>\n<p><em>Esta mat\u00e9ria \u00e9 meramente informativa.<\/em><br \/><em>Permitida a reprodu\u00e7\u00e3o mediante cita\u00e7\u00e3o da fonte.<br \/>\nCoordenadoria de Comunica\u00e7\u00e3o Social.<br \/>\nTRT-15<br \/>\nTel.(19) 3236 1789<br \/>\nimprensa@trt15.jus.br<\/em><\/p>\n<\/div><\/div>\n<div>\n<div>Unidade Respons\u00e1vel:<\/div>\n<div>Comunica\u00e7\u00e3o Social<\/div>\n<\/div>\n<div>Sex, 13\/03\/2026 &#8211; 14:11<\/div>\n<p>      <span class=\"a2a_kit a2a_kit_size_16 addtoany_list\"><a class=\"a2a_dd addtoany_share\" href=\"https:\/\/www.addtoany.com\/share#url=https%3A%2F%2Ftrt15.jus.br%2Fnoticia%2F2026%2F3a-camara-reconhece-de-oficio-competencia-do-jeia-para-julgamento-de-processo&amp;title=3%C2%AA%20C%C3%A2mara%20reconhece%2C%20de%20of%C3%ADcio%2C%20a%20compet%C3%AAncia%20do%20Jeia%20para%20julgamento%20de%20processo%20envolvendo%20menina%20de%2013%20anos\"><\/a><a class=\"a2a_button_whatsapp\"><\/a><a class=\"a2a_button_google_gmail\"><\/a><a class=\"a2a_button_twitter\"><\/a><a class=\"a2a_button_facebook\"><\/a><a class=\"a2a_button_linkedin\"><\/a><\/span><\/p>","protected":false},"excerpt":{"rendered":"<p>3\u00aa C\u00e2mara reconhece, de of\u00edcio, a compet\u00eancia do Jeia para julgamento de processo envolvendo menina de 13 anos nelipimenta Sex, 13\/03\/2026 &#8211; 14:11 3\u00aa C\u00e2mara reconhece, de of\u00edcio, a compet\u00eancia do Jeia para julgamento de processo envolvendo menina de 13 anos Conte\u00fado da Not\u00edcia Ao apreciar o recurso de um empregador, a 3\u00aa C\u00e2mara do [&hellip;]<\/p>\n","protected":false},"author":0,"featured_media":21284,"comment_status":"open","ping_status":"open","sticky":false,"template":"","format":"standard","meta":[],"categories":[1],"tags":[],"_links":{"self":[{"href":"https:\/\/aprimora.site\/carvalhoalmeidaadvogados\/wp-json\/wp\/v2\/posts\/21283"}],"collection":[{"href":"https:\/\/aprimora.site\/carvalhoalmeidaadvogados\/wp-json\/wp\/v2\/posts"}],"about":[{"href":"https:\/\/aprimora.site\/carvalhoalmeidaadvogados\/wp-json\/wp\/v2\/types\/post"}],"replies":[{"embeddable":true,"href":"https:\/\/aprimora.site\/carvalhoalmeidaadvogados\/wp-json\/wp\/v2\/comments?post=21283"}],"version-history":[{"count":0,"href":"https:\/\/aprimora.site\/carvalhoalmeidaadvogados\/wp-json\/wp\/v2\/posts\/21283\/revisions"}],"wp:featuredmedia":[{"embeddable":true,"href":"https:\/\/aprimora.site\/carvalhoalmeidaadvogados\/wp-json\/wp\/v2\/media\/21284"}],"wp:attachment":[{"href":"https:\/\/aprimora.site\/carvalhoalmeidaadvogados\/wp-json\/wp\/v2\/media?parent=21283"}],"wp:term":[{"taxonomy":"category","embeddable":true,"href":"https:\/\/aprimora.site\/carvalhoalmeidaadvogados\/wp-json\/wp\/v2\/categories?post=21283"},{"taxonomy":"post_tag","embeddable":true,"href":"https:\/\/aprimora.site\/carvalhoalmeidaadvogados\/wp-json\/wp\/v2\/tags?post=21283"}],"curies":[{"name":"wp","href":"https:\/\/api.w.org\/{rel}","templated":true}]}}