{"id":21282,"date":"2026-03-13T14:58:49","date_gmt":"2026-03-13T17:58:49","guid":{"rendered":"https:\/\/aprimora.site\/carvalhoalmeidaadvogados\/2026\/03\/13\/moraes-reforca-seguranca-de-hospital-e-cancela-visita-de-aliados-de-bolsonaro\/"},"modified":"2026-03-13T14:58:49","modified_gmt":"2026-03-13T17:58:49","slug":"moraes-reforca-seguranca-de-hospital-e-cancela-visita-de-aliados-de-bolsonaro","status":"publish","type":"post","link":"https:\/\/aprimora.site\/carvalhoalmeidaadvogados\/2026\/03\/13\/moraes-reforca-seguranca-de-hospital-e-cancela-visita-de-aliados-de-bolsonaro\/","title":{"rendered":"Moraes refor\u00e7a seguran\u00e7a de hospital e cancela visita de aliados de Bolsonaro"},"content":{"rendered":"<p>Ap\u00f3s a interna\u00e7\u00e3o do ex-presidente Jair Bolsonaro em um hospital em Bras\u00edlia, o ministro Alexandre de Moraes, do Supremo Tribunal Federal (<a href=\"https:\/\/www.jota.info\/tudo-sobre\/STF\">STF<\/a>), determinou nesta sexta-feira (13\/3) refor\u00e7o na seguran\u00e7a da unidade de sa\u00fade. O magistrado tamb\u00e9m suspendeu as visitas de aliados pol\u00edticos que tinham sido autorizadas para a Papudinha, onde o ex-presidente est\u00e1 preso.<\/p>\n<p>Na mesma decis\u00e3o, Moraes autorizou Michelle Bolsonaro como acompanhante do marido, e a visita dos filhos Fl\u00e1vio, Carlos, Jair Renan, Laura e a enteada Let\u00edcia. O ministro proibiu o uso de celulares e equipamentos eletr\u00f4nicos dentro do quarto do ex-presidente.<\/p>\n<p class=\"jota-cta\"><a href=\"https:\/\/www.jota.info\/produtos\/poder?utm_source=cta-site&amp;utm_medium=site&amp;utm_campaign=campanha_poder_q2&amp;utm_id=cta_texto_poder_q2_2023&amp;utm_term=cta_texto_poder&amp;utm_term=cta_texto_poder_meio_materias\"><span>Conhe\u00e7a o <span class=\"jota\">JOTA<\/span> PRO Poder, plataforma de monitoramento que oferece transpar\u00eancia e previsibilidade para empresas<\/span><\/a><\/p>\n<p>Tiveram os encontros com o ex-presidente cancelados:<\/p>\n<p>Bruno Scheid, pecuarista;<br \/>\nCaroline Rodrigues de Toni, deputada federal;<br \/>\nJorginho dos Santos Mello, governador do Estado de Santa Catarina;<br \/>\nZucco, deputado federal;<br \/>\nRicardo de Mello Ara\u00fajo, vice-prefeito da cidade de S\u00e3o Paulo;<br \/>\nRodrigo Santana Valadares, Deputado Federal;<br \/>\nThiago dos Santos Boava, fazendeiro.<\/p>\n<p>Na decis\u00e3o, Moraes determina a manuten\u00e7\u00e3o de, no m\u00ednimo, dois policiais militares na porta do quarto do hospital, bem como as equipes que entender necess\u00e1rias dentro e fora do hospital.<\/p>\n<p>Bolsonaro foi levado ao DFStar nesta sexta-feira (13\/3) ap\u00f3s mal-estar em sua cela. Os m\u00e9dicos da Papudinha acharam melhor a remo\u00e7\u00e3o hospitalar. J\u00e1 na unidade de sa\u00fade, foi constatado um quadro suspeito de broncopneumonia aguda provavelmente por aspira\u00e7\u00e3o, por isso, a necessidade da interna\u00e7\u00e3o. Bolsonaro est\u00e1 preso desde 22 de novembro de 2025 por ter sido condenado por tentativa de golpe de estado pelo STF.<\/p>","protected":false},"excerpt":{"rendered":"<p>Ap\u00f3s a interna\u00e7\u00e3o do ex-presidente Jair Bolsonaro em um hospital em Bras\u00edlia, o ministro Alexandre de Moraes, do Supremo Tribunal Federal (STF), determinou nesta sexta-feira (13\/3) refor\u00e7o na seguran\u00e7a da unidade de sa\u00fade. O magistrado tamb\u00e9m suspendeu as visitas de aliados pol\u00edticos que tinham sido autorizadas para a Papudinha, onde o ex-presidente est\u00e1 preso. Na [&hellip;]<\/p>\n","protected":false},"author":0,"featured_media":0,"comment_status":"open","ping_status":"open","sticky":false,"template":"","format":"standard","meta":[],"categories":[1],"tags":[],"_links":{"self":[{"href":"https:\/\/aprimora.site\/carvalhoalmeidaadvogados\/wp-json\/wp\/v2\/posts\/21282"}],"collection":[{"href":"https:\/\/aprimora.site\/carvalhoalmeidaadvogados\/wp-json\/wp\/v2\/posts"}],"about":[{"href":"https:\/\/aprimora.site\/carvalhoalmeidaadvogados\/wp-json\/wp\/v2\/types\/post"}],"replies":[{"embeddable":true,"href":"https:\/\/aprimora.site\/carvalhoalmeidaadvogados\/wp-json\/wp\/v2\/comments?post=21282"}],"version-history":[{"count":0,"href":"https:\/\/aprimora.site\/carvalhoalmeidaadvogados\/wp-json\/wp\/v2\/posts\/21282\/revisions"}],"wp:attachment":[{"href":"https:\/\/aprimora.site\/carvalhoalmeidaadvogados\/wp-json\/wp\/v2\/media?parent=21282"}],"wp:term":[{"taxonomy":"category","embeddable":true,"href":"https:\/\/aprimora.site\/carvalhoalmeidaadvogados\/wp-json\/wp\/v2\/categories?post=21282"},{"taxonomy":"post_tag","embeddable":true,"href":"https:\/\/aprimora.site\/carvalhoalmeidaadvogados\/wp-json\/wp\/v2\/tags?post=21282"}],"curies":[{"name":"wp","href":"https:\/\/api.w.org\/{rel}","templated":true}]}}