{"id":21280,"date":"2026-03-13T12:58:16","date_gmt":"2026-03-13T15:58:16","guid":{"rendered":"https:\/\/aprimora.site\/carvalhoalmeidaadvogados\/2026\/03\/13\/2a-turma-do-stf-forma-maioria-para-manter-a-prisao-de-vorcaro-do-banco-master\/"},"modified":"2026-03-13T12:58:16","modified_gmt":"2026-03-13T15:58:16","slug":"2a-turma-do-stf-forma-maioria-para-manter-a-prisao-de-vorcaro-do-banco-master","status":"publish","type":"post","link":"https:\/\/aprimora.site\/carvalhoalmeidaadvogados\/2026\/03\/13\/2a-turma-do-stf-forma-maioria-para-manter-a-prisao-de-vorcaro-do-banco-master\/","title":{"rendered":"2\u00aa Turma do STF forma maioria para manter a pris\u00e3o de Vorcaro, do Banco Master"},"content":{"rendered":"<p>H\u00e1 maioria formada entre os ministros da 2\u00aa Turma do Supremo Tribunal Federal (<a href=\"https:\/\/www.jota.info\/tudo-sobre\/STF\">STF<\/a>) para manter a <a href=\"https:\/\/www.jota.info\/stf\/do-supremo\/vorcaro-e-preso-pela-pf-em-nova-fase-da-operacao-compliance-zero\">liminar do relator, ministro Andr\u00e9 Mendon\u00e7a, que prendeu o dono do Banco Master, Daniel Vorcaro<\/a>. Acompanharam o relator, os ministros Luiz Fux e Nunes Marques. Falta apenas o voto do ministro Gilmar Mendes, uma vez que Dias Toffoli declarou-se suspeito por motivos de \u201cforo \u00edntimo\u201d.<\/p>\n<p class=\"jota-cta\"><a href=\"https:\/\/www.jota.info\/produtos\/poder?utm_source=cta-site&amp;utm_medium=site&amp;utm_campaign=campanha_poder_q2&amp;utm_id=cta_texto_poder_q2_2023&amp;utm_term=cta_texto_poder&amp;utm_term=cta_texto_poder_meio_materias\"><span>Conhe\u00e7a o <span class=\"jota\">JOTA<\/span> PRO Poder, plataforma de monitoramento que oferece transpar\u00eancia e previsibilidade para empresas<\/span><\/a><\/p>\n<p>Com a decis\u00e3o, Vorcaro e os demais r\u00e9us continuam presos, assim como os servidores do Banco Central (<a href=\"https:\/\/www.jota.info\/tudo-sobre\/Banco%20Central\">BC<\/a>) continuam afastados e com tornozeleira e ficam suspensas as atividades de empresas ligadas ao grupo criminoso.<\/p>\n<p>O apoio da maioria dos colegas fortalece Mendon\u00e7a, pois significa que o colegiado corrobora as medidas tomadas, mesmo com as cr\u00edticas da Procuradoria-Geral da Rep\u00fablica (<a href=\"https:\/\/www.jota.info\/tudo-sobre\/PGR\">PGR<\/a>). A manuten\u00e7\u00e3o da pris\u00e3o tamb\u00e9m pode intensificar as conversas para uma dela\u00e7\u00e3o premiada do banqueiro.<\/p>\n<p><em>(Em atualiza\u00e7\u00e3o)<\/em><\/p>","protected":false},"excerpt":{"rendered":"<p>H\u00e1 maioria formada entre os ministros da 2\u00aa Turma do Supremo Tribunal Federal (STF) para manter a liminar do relator, ministro Andr\u00e9 Mendon\u00e7a, que prendeu o dono do Banco Master, Daniel Vorcaro. Acompanharam o relator, os ministros Luiz Fux e Nunes Marques. Falta apenas o voto do ministro Gilmar Mendes, uma vez que Dias Toffoli [&hellip;]<\/p>\n","protected":false},"author":0,"featured_media":0,"comment_status":"open","ping_status":"open","sticky":false,"template":"","format":"standard","meta":[],"categories":[1],"tags":[],"_links":{"self":[{"href":"https:\/\/aprimora.site\/carvalhoalmeidaadvogados\/wp-json\/wp\/v2\/posts\/21280"}],"collection":[{"href":"https:\/\/aprimora.site\/carvalhoalmeidaadvogados\/wp-json\/wp\/v2\/posts"}],"about":[{"href":"https:\/\/aprimora.site\/carvalhoalmeidaadvogados\/wp-json\/wp\/v2\/types\/post"}],"replies":[{"embeddable":true,"href":"https:\/\/aprimora.site\/carvalhoalmeidaadvogados\/wp-json\/wp\/v2\/comments?post=21280"}],"version-history":[{"count":0,"href":"https:\/\/aprimora.site\/carvalhoalmeidaadvogados\/wp-json\/wp\/v2\/posts\/21280\/revisions"}],"wp:attachment":[{"href":"https:\/\/aprimora.site\/carvalhoalmeidaadvogados\/wp-json\/wp\/v2\/media?parent=21280"}],"wp:term":[{"taxonomy":"category","embeddable":true,"href":"https:\/\/aprimora.site\/carvalhoalmeidaadvogados\/wp-json\/wp\/v2\/categories?post=21280"},{"taxonomy":"post_tag","embeddable":true,"href":"https:\/\/aprimora.site\/carvalhoalmeidaadvogados\/wp-json\/wp\/v2\/tags?post=21280"}],"curies":[{"name":"wp","href":"https:\/\/api.w.org\/{rel}","templated":true}]}}