{"id":21278,"date":"2026-03-13T12:58:16","date_gmt":"2026-03-13T15:58:16","guid":{"rendered":"https:\/\/aprimora.site\/carvalhoalmeidaadvogados\/2026\/03\/13\/lula-diz-ter-negado-visto-de-assessor-de-trump-que-visitaria-bolsonaro\/"},"modified":"2026-03-13T12:58:16","modified_gmt":"2026-03-13T15:58:16","slug":"lula-diz-ter-negado-visto-de-assessor-de-trump-que-visitaria-bolsonaro","status":"publish","type":"post","link":"https:\/\/aprimora.site\/carvalhoalmeidaadvogados\/2026\/03\/13\/lula-diz-ter-negado-visto-de-assessor-de-trump-que-visitaria-bolsonaro\/","title":{"rendered":"Lula diz ter negado visto de assessor de Trump que visitaria Bolsonaro"},"content":{"rendered":"<p>O presidente<a href=\"https:\/\/www.jota.info\/tudo-sobre\/lula\"> Luiz In\u00e1cio Lula da Silva<\/a> (PT) afirmou nesta sexta-feira (13\/3) que proibiu o assessor do governo <a href=\"https:\/\/www.jota.info\/tudo-sobre\/donald-trump\">Donald Trump<\/a>, Darren Beattie, de vir ao Brasil.<\/p>\n<p>O ministro <a href=\"https:\/\/www.jota.info\/tudo-sobre\/alexandre-de-moraes\">Alexandre de Moraes<\/a>, do Supremo Tribunal Federal (<a href=\"https:\/\/www.jota.info\/tudo-sobre\/STF\">STF<\/a>), havia autorizado a visita dele ao ex-presidente Jair Bolsonaro na pris\u00e3o, mas <a href=\"https:\/\/www.jota.info\/stf\/do-supremo\/moraes-reve-propria-decisao-e-indefere-visita-de-assessor-de-trump-a-bolsonaro\">reconsiderou sua decis\u00e3o anterior na \u00faltima quinta-feira (12\/3)<\/a>.<\/p>\n<p class=\"jota-cta\"><a href=\"https:\/\/www.jota.info\/produtos\/poder?utm_source=cta-site&amp;utm_medium=site&amp;utm_campaign=campanha_poder_q2&amp;utm_id=cta_texto_poder_q2_2023&amp;utm_term=cta_texto_poder&amp;utm_term=cta_texto_poder_meio_materias\">Conhe\u00e7a o <span class=\"jota\">JOTA<\/span> PRO Poder, plataforma de monitoramento que oferece transpar\u00eancia e previsibilidade para empresas<\/a><\/p>\n<p>\u201cAquele cara americano que disse que vinha para c\u00e1 visitar o Jair Bolsonaro foi proibido de visitar e eu o proibi de vir ao Brasil enquanto n\u00e3o liberar o visto do meu ministro da Sa\u00fade que est\u00e1 bloqueado\u201d, disse Lula, em discurso num evento no Rio de Janeiro.<\/p>\n<p>A nova decis\u00e3o de Moraes ocorreu ap\u00f3s explica\u00e7\u00f5es do chanceler Mauro Vieira. Como mostrou o <span class=\"jota\">JOTA<\/span>, a visita de Darren Beattie havia sido a primeira concedida a um diplomata estrangeiro e causou inc\u00f4modo ao governo brasileiro, assim como os rumores de que os EUA poderiam finalmente classificar como grupos terroristas o PCC e Comando Vermelho, antiga demanda da direita brasileira aliada da MAGA.<\/p>","protected":false},"excerpt":{"rendered":"<p>O presidente Luiz In\u00e1cio Lula da Silva (PT) afirmou nesta sexta-feira (13\/3) que proibiu o assessor do governo Donald Trump, Darren Beattie, de vir ao Brasil. O ministro Alexandre de Moraes, do Supremo Tribunal Federal (STF), havia autorizado a visita dele ao ex-presidente Jair Bolsonaro na pris\u00e3o, mas reconsiderou sua decis\u00e3o anterior na \u00faltima quinta-feira [&hellip;]<\/p>\n","protected":false},"author":0,"featured_media":0,"comment_status":"open","ping_status":"open","sticky":false,"template":"","format":"standard","meta":[],"categories":[1],"tags":[],"_links":{"self":[{"href":"https:\/\/aprimora.site\/carvalhoalmeidaadvogados\/wp-json\/wp\/v2\/posts\/21278"}],"collection":[{"href":"https:\/\/aprimora.site\/carvalhoalmeidaadvogados\/wp-json\/wp\/v2\/posts"}],"about":[{"href":"https:\/\/aprimora.site\/carvalhoalmeidaadvogados\/wp-json\/wp\/v2\/types\/post"}],"replies":[{"embeddable":true,"href":"https:\/\/aprimora.site\/carvalhoalmeidaadvogados\/wp-json\/wp\/v2\/comments?post=21278"}],"version-history":[{"count":0,"href":"https:\/\/aprimora.site\/carvalhoalmeidaadvogados\/wp-json\/wp\/v2\/posts\/21278\/revisions"}],"wp:attachment":[{"href":"https:\/\/aprimora.site\/carvalhoalmeidaadvogados\/wp-json\/wp\/v2\/media?parent=21278"}],"wp:term":[{"taxonomy":"category","embeddable":true,"href":"https:\/\/aprimora.site\/carvalhoalmeidaadvogados\/wp-json\/wp\/v2\/categories?post=21278"},{"taxonomy":"post_tag","embeddable":true,"href":"https:\/\/aprimora.site\/carvalhoalmeidaadvogados\/wp-json\/wp\/v2\/tags?post=21278"}],"curies":[{"name":"wp","href":"https:\/\/api.w.org\/{rel}","templated":true}]}}