{"id":21274,"date":"2026-03-13T12:02:43","date_gmt":"2026-03-13T15:02:43","guid":{"rendered":"https:\/\/aprimora.site\/carvalhoalmeidaadvogados\/2026\/03\/13\/os-impactos-da-reforma-tributaria-nos-beneficios-trabalhistas\/"},"modified":"2026-03-13T12:02:43","modified_gmt":"2026-03-13T15:02:43","slug":"os-impactos-da-reforma-tributaria-nos-beneficios-trabalhistas","status":"publish","type":"post","link":"https:\/\/aprimora.site\/carvalhoalmeidaadvogados\/2026\/03\/13\/os-impactos-da-reforma-tributaria-nos-beneficios-trabalhistas\/","title":{"rendered":"Os impactos da reforma tribut\u00e1ria nos benef\u00edcios trabalhistas"},"content":{"rendered":"<p>A <a href=\"https:\/\/www.jota.info\/tudo-sobre\/Reforma%20Tribut%C3%A1ria\">reforma tribut\u00e1ria<\/a> do consumo, realizada por meio da Emenda Constitucional 132\/2023 e regulamentada, em grande medida, pela Lei Complementar 214\/2025, promoveu muito mais que uma substitui\u00e7\u00e3o de tributos, ao reconfigurara tributa\u00e7\u00e3o sobre o consumo e o conceito de n\u00e3o cumulatividade. Temas tratados como coadjuvantes \u2013 como os benef\u00edcios concedidos a empregados \u2013 passam a ocupar posi\u00e7\u00e3o de destaque na an\u00e1lise da efici\u00eancia fiscal das empresas, especialmente diante do novo regime de cr\u00e9ditos do <a href=\"https:\/\/www.jota.info\/tudo-sobre\/IBS\">IBS<\/a> e da <a href=\"https:\/\/www.jota.info\/tudo-sobre\/CBS\">CBS<\/a>.<\/p>\n<p>Historicamente, benef\u00edcios como vale-transporte, vale-refei\u00e7\u00e3o e vale-alimenta\u00e7\u00e3o sempre foram enquadrados, do ponto de vista tribut\u00e1rio, como despesas de cunho trabalhista ou assistencial, tratadas como consumo final do empregado. A l\u00f3gica da n\u00e3o cumulatividade dos tributos indiretos anteriores raramente dialogava de forma consistente com esses disp\u00eandios. A reforma rompeu parcialmente com esse paradigma ao aproximar o regime tribut\u00e1rio da l\u00f3gica econ\u00f4mica subjacente \u00e0s rela\u00e7\u00f5es de trabalho.<\/p>\n<p class=\"jota-cta\"><a href=\"https:\/\/www.jota.info\/produtos\/tributos?utm_source=cta-site&amp;utm_medium=site&amp;utm_campaign=campanha_tributos_q2&amp;utm_id=cta_texto_tributos_q2_2023&amp;utm_term=cta_texto_tributos&amp;utm_term=cta_texto_tributos_meio_materias\"><span>Conhe\u00e7a o <span class=\"jota\">JOTA<\/span> PRO Tributos, plataforma de monitoramento tribut\u00e1rio para empresas e escrit\u00f3rios com decis\u00f5es e movimenta\u00e7\u00f5es do Carf, STJ e STF<\/span><\/a><\/p>\n<p>O texto original da LC 214 condicionou o direito ao cr\u00e9dito de IBS e CBS sobre benef\u00edcios concedidos a empregados \u00e0 sua previs\u00e3o em acordo ou conven\u00e7\u00e3o coletiva de trabalho<a href=\"https:\/\/www.jota.info\/#_ftn1\">[1]<\/a>, al\u00e9m de demonstrar que tais benef\u00edcios seriam preponderantemente \u00e0 atividade econ\u00f4mica da empresa.<\/p>\n<p>Essa leitura, inspirada em certa medida na Consolida\u00e7\u00e3o das Leis do Trabalho (<a href=\"https:\/\/www.jota.info\/tudo-sobre\/CLT\">CLT<\/a>), buscava afastar a caracteriza\u00e7\u00e3o desses disp\u00eandios como mero consumo pessoal, refor\u00e7ando seu v\u00ednculo com a organiza\u00e7\u00e3o do trabalho e a produtividade empresarial. Na pr\u00e1tica, essa exig\u00eancia introduziu um elemento de inseguran\u00e7a jur\u00eddica e de assimetria concorrencial, sobretudo em setores nos quais a concess\u00e3o de benef\u00edcios ocorre por pol\u00edtica interna, e n\u00e3o por imposi\u00e7\u00e3o negocial coletiva.<\/p>\n<p>Esse cen\u00e1rio foi parcialmente revisto com a edi\u00e7\u00e3o da recente Lei Complementar 227\/2026, que alterou a reda\u00e7\u00e3o da al\u00ednea \u201cf\u201d do art. 57, II, \u00a73\u00ba, IV, da LC 214\/2025. A nova reda\u00e7\u00e3o afastou expressamente a exig\u00eancia de acordo ou conven\u00e7\u00e3o coletiva para o aproveitamento de cr\u00e9ditos relativos a vale-transporte, vale-refei\u00e7\u00e3o e vale-alimenta\u00e7\u00e3o, mantendo essa condi\u00e7\u00e3o para os benef\u00edcios de assist\u00eancia \u00e0 sa\u00fade<a href=\"https:\/\/www.jota.info\/#_ftn2\">[2]<\/a>. \u00c9 uma mudan\u00e7a relevante, que revela uma inflex\u00e3o do legislador no sentido de reconhecer a natureza estrutural desses benef\u00edcios na din\u00e2mica das rela\u00e7\u00f5es de trabalho contempor\u00e2neas.<\/p>\n<p>Do ponto de vista jur\u00eddico-tribut\u00e1rio, a altera\u00e7\u00e3o \u00e9 coerente com a pr\u00f3pria l\u00f3gica do IVA moderno. Benef\u00edcios como vale-transporte, refei\u00e7\u00e3o e alimenta\u00e7\u00e3o n\u00e3o representam liberalidades desconectadas da atividade empresarial, mas instrumentos diretamente associados \u00e0 viabiliza\u00e7\u00e3o da for\u00e7a de trabalho, \u00e0 melhoria da produtividade e \u00e0 organiza\u00e7\u00e3o eficiente dos fatores de produ\u00e7\u00e3o.<\/p>\n<p>Ao permitir o creditamento independentemente de negocia\u00e7\u00e3o coletiva, o novo texto legal aproxima o sistema brasileiro dos modelos internacionais de tributa\u00e7\u00e3o sobre valor agregado, nos quais o foco recai sobre a essencialidade econ\u00f4mica do disp\u00eandio, e n\u00e3o sobre sua forma jur\u00eddica trabalhista.<\/p>\n<p>A manuten\u00e7\u00e3o da exig\u00eancia de acordo ou conven\u00e7\u00e3o coletiva apenas para admiss\u00e3o dos cr\u00e9ditos de IBS e CBS sobre os planos de assist\u00eancia \u00e0 sa\u00fade, por sua vez, evidencia uma op\u00e7\u00e3o legislativa seletiva.<\/p>\n<p>Diferentemente daqueles outros gastos, os planos de sa\u00fade envolvem estruturas contratuais complexas, regimes pr\u00f3prios (espec\u00edficos) de tributa\u00e7\u00e3o e impactos relevantes na arrecada\u00e7\u00e3o, o que explica a tentativa de restringir o creditamento \u00e0s hip\u00f3teses em que haja um expresso compromisso coletivo entre empregadores e empregados. Ainda assim, a distin\u00e7\u00e3o pode gerar novos debates, especialmente em setores nos quais a cobertura m\u00e9dica corporativa \u00e9 pr\u00e1tica consolidada, independentemente de previs\u00e3o expressa em instrumentos coletivos.<\/p>\n<p>Sob a \u00f3tica da CLT, a mudan\u00e7a tamb\u00e9m merece destaque. Ao desvincular determinados benef\u00edcios da negocia\u00e7\u00e3o coletiva para fins de creditamento, a reforma tribut\u00e1ria evita que o sistema fiscal interfira indevidamente na autonomia das rela\u00e7\u00f5es de trabalho e na pol\u00edtica de benef\u00edcios das empresas. O risco, presente na reda\u00e7\u00e3o original da LC 214\/2025, era o de induzir artificialmente negocia\u00e7\u00f5es coletivas n\u00e3o por raz\u00f5es trabalhistas, mas por conveni\u00eancia tribut\u00e1ria, distorcendo o papel dos sindicatos e dos instrumentos coletivos.<\/p>\n<p>A nova disciplina amplia o acesso ao cr\u00e9dito de IBS e CBS, reduz res\u00edduos na cadeia e refor\u00e7a a neutralidade do novo sistema, sem esvaziar a prote\u00e7\u00e3o trabalhista assegurada pela legisla\u00e7\u00e3o laboral. Para as empresas, o desafio passa a ser menos jur\u00eddico-formal e mais operacional: mapear corretamente os disp\u00eandios com benef\u00edcios, assegurar sua adequada documenta\u00e7\u00e3o e integrar esses fluxos aos sistemas de apura\u00e7\u00e3o do <a href=\"https:\/\/www.jota.info\/tudo-sobre\/IVA\">IVA<\/a> dual.<\/p>\n<p>Para o fisco, o foco tende a migrar da verifica\u00e7\u00e3o de requisitos negociais para a an\u00e1lise da efetiva vincula\u00e7\u00e3o dos benef\u00edcios \u00e0 atividade econ\u00f4mica.<\/p>\n<p class=\"jota-cta\"><a href=\"https:\/\/conteudo.jota.info\/cadastro-em-newsletter-curadoria-jota-pro-tributos\">Receba de gra\u00e7a todas as sextas-feiras um resumo da semana tribut\u00e1ria no seu email<\/a><\/p>\n<p>A reforma tribut\u00e1ria, ao tratar dos benef\u00edcios trabalhistas, revela sua faceta mais sofisticada: n\u00e3o apenas arrecadat\u00f3ria, mas estruturante. Ao reconhecer que o custo do trabalho \u2013 inclusive em suas dimens\u00f5es indiretas \u2013 integra a cadeia de valor das empresas, o novo regime de cr\u00e9ditos sinaliza uma mudan\u00e7a de mentalidade que pode, se bem implementada, contribuir para um ambiente mais racional, neutro e alinhado \u00e0s pr\u00e1ticas internacionais.<\/p>\n<p>O sucesso dessa transi\u00e7\u00e3o depender\u00e1 da capacidade dos contribuintes e da administra\u00e7\u00e3o tribut\u00e1ria de interpretar essas normas com pragmatismo, evitando que velhos formalismos contaminem um sistema que nasceu para ser mais simples e econ\u00f4mico.<\/p>\n<p><a href=\"https:\/\/www.jota.info\/#_ftnref1\">[1]<\/a> Reda\u00e7\u00e3o revogada pela LC 227\/26: \u201c<em>f) servi\u00e7os de planos de assist\u00eancia \u00e0 sa\u00fade e de fornecimento de vale-transporte, de vale-refei\u00e7\u00e3o e vale-alimenta\u00e7\u00e3o destinados a empregados e seus dependentes em decorr\u00eancia de <strong>acordo ou conven\u00e7\u00e3o coletiva de trabalho<\/strong>, sendo os cr\u00e9ditos na aquisi\u00e7\u00e3o desses servi\u00e7os equivalentes aos respectivos d\u00e9bitos do fornecedor apurados e extintos de acordo com o disposto nos regimes espec\u00edficos de planos de assist\u00eancia \u00e0 sa\u00fade e de servi\u00e7os financeiros<\/em>;\u201d (destaques acrescidos).<\/p>\n<p><a href=\"https:\/\/www.jota.info\/#_ftnref2\">[2]<\/a> \u201c<em>f) servi\u00e7os de planos de assist\u00eancia \u00e0 sa\u00fade destinados a empregados e seus dependentes em decorr\u00eancia de <strong>acordo ou conven\u00e7\u00e3o coletiva de trabalho<\/strong>, sendo os cr\u00e9ditos na aquisi\u00e7\u00e3o desses servi\u00e7os equivalentes aos respectivos d\u00e9bitos do fornecedor apurados e extintos de acordo com o disposto no regime espec\u00edfico de planos de assist\u00eancia \u00e0 sa\u00fade;\u201d <\/em>(destaques acrescidos).<\/p>","protected":false},"excerpt":{"rendered":"<p>A reforma tribut\u00e1ria do consumo, realizada por meio da Emenda Constitucional 132\/2023 e regulamentada, em grande medida, pela Lei Complementar 214\/2025, promoveu muito mais que uma substitui\u00e7\u00e3o de tributos, ao reconfigurara tributa\u00e7\u00e3o sobre o consumo e o conceito de n\u00e3o cumulatividade. Temas tratados como coadjuvantes \u2013 como os benef\u00edcios concedidos a empregados \u2013 passam a [&hellip;]<\/p>\n","protected":false},"author":0,"featured_media":0,"comment_status":"open","ping_status":"open","sticky":false,"template":"","format":"standard","meta":[],"categories":[1],"tags":[],"_links":{"self":[{"href":"https:\/\/aprimora.site\/carvalhoalmeidaadvogados\/wp-json\/wp\/v2\/posts\/21274"}],"collection":[{"href":"https:\/\/aprimora.site\/carvalhoalmeidaadvogados\/wp-json\/wp\/v2\/posts"}],"about":[{"href":"https:\/\/aprimora.site\/carvalhoalmeidaadvogados\/wp-json\/wp\/v2\/types\/post"}],"replies":[{"embeddable":true,"href":"https:\/\/aprimora.site\/carvalhoalmeidaadvogados\/wp-json\/wp\/v2\/comments?post=21274"}],"version-history":[{"count":0,"href":"https:\/\/aprimora.site\/carvalhoalmeidaadvogados\/wp-json\/wp\/v2\/posts\/21274\/revisions"}],"wp:attachment":[{"href":"https:\/\/aprimora.site\/carvalhoalmeidaadvogados\/wp-json\/wp\/v2\/media?parent=21274"}],"wp:term":[{"taxonomy":"category","embeddable":true,"href":"https:\/\/aprimora.site\/carvalhoalmeidaadvogados\/wp-json\/wp\/v2\/categories?post=21274"},{"taxonomy":"post_tag","embeddable":true,"href":"https:\/\/aprimora.site\/carvalhoalmeidaadvogados\/wp-json\/wp\/v2\/tags?post=21274"}],"curies":[{"name":"wp","href":"https:\/\/api.w.org\/{rel}","templated":true}]}}