{"id":21273,"date":"2026-03-13T10:02:29","date_gmt":"2026-03-13T13:02:29","guid":{"rendered":"https:\/\/aprimora.site\/carvalhoalmeidaadvogados\/2026\/03\/13\/retirada-de-sobrenome-por-abandono-afetivo-e-um-dos-temas-da-nova-edicao-do-informativo\/"},"modified":"2026-03-13T10:02:29","modified_gmt":"2026-03-13T13:02:29","slug":"retirada-de-sobrenome-por-abandono-afetivo-e-um-dos-temas-da-nova-edicao-do-informativo","status":"publish","type":"post","link":"https:\/\/aprimora.site\/carvalhoalmeidaadvogados\/2026\/03\/13\/retirada-de-sobrenome-por-abandono-afetivo-e-um-dos-temas-da-nova-edicao-do-informativo\/","title":{"rendered":"Retirada de sobrenome por abandono afetivo \u00e9 um dos temas da nova edi\u00e7\u00e3o do Informativo"},"content":{"rendered":"<p>Retirada de sobrenome por abandono afetivo \u00e9 um dos temas da nova edi\u00e7\u00e3o do Informativo<\/p>","protected":false},"excerpt":{"rendered":"<p>Retirada de sobrenome por abandono afetivo \u00e9 um dos temas da nova edi\u00e7\u00e3o do Informativo<\/p>\n","protected":false},"author":0,"featured_media":0,"comment_status":"open","ping_status":"open","sticky":false,"template":"","format":"standard","meta":[],"categories":[1],"tags":[],"_links":{"self":[{"href":"https:\/\/aprimora.site\/carvalhoalmeidaadvogados\/wp-json\/wp\/v2\/posts\/21273"}],"collection":[{"href":"https:\/\/aprimora.site\/carvalhoalmeidaadvogados\/wp-json\/wp\/v2\/posts"}],"about":[{"href":"https:\/\/aprimora.site\/carvalhoalmeidaadvogados\/wp-json\/wp\/v2\/types\/post"}],"replies":[{"embeddable":true,"href":"https:\/\/aprimora.site\/carvalhoalmeidaadvogados\/wp-json\/wp\/v2\/comments?post=21273"}],"version-history":[{"count":0,"href":"https:\/\/aprimora.site\/carvalhoalmeidaadvogados\/wp-json\/wp\/v2\/posts\/21273\/revisions"}],"wp:attachment":[{"href":"https:\/\/aprimora.site\/carvalhoalmeidaadvogados\/wp-json\/wp\/v2\/media?parent=21273"}],"wp:term":[{"taxonomy":"category","embeddable":true,"href":"https:\/\/aprimora.site\/carvalhoalmeidaadvogados\/wp-json\/wp\/v2\/categories?post=21273"},{"taxonomy":"post_tag","embeddable":true,"href":"https:\/\/aprimora.site\/carvalhoalmeidaadvogados\/wp-json\/wp\/v2\/tags?post=21273"}],"curies":[{"name":"wp","href":"https:\/\/api.w.org\/{rel}","templated":true}]}}