{"id":21268,"date":"2026-03-13T09:00:56","date_gmt":"2026-03-13T12:00:56","guid":{"rendered":"https:\/\/aprimora.site\/carvalhoalmeidaadvogados\/2026\/03\/13\/limitacao-de-sessoes-de-terapia-multidisciplinar-prescritas-a-paciente-com-tea-e-abusiva\/"},"modified":"2026-03-13T09:00:56","modified_gmt":"2026-03-13T12:00:56","slug":"limitacao-de-sessoes-de-terapia-multidisciplinar-prescritas-a-paciente-com-tea-e-abusiva","status":"publish","type":"post","link":"https:\/\/aprimora.site\/carvalhoalmeidaadvogados\/2026\/03\/13\/limitacao-de-sessoes-de-terapia-multidisciplinar-prescritas-a-paciente-com-tea-e-abusiva\/","title":{"rendered":"Limita\u00e7\u00e3o de sess\u00f5es de terapia multidisciplinar prescritas a paciente com TEA \u00e9 abusiva"},"content":{"rendered":"<p>Fixada no rito dos repetitivos, a tese estabelece que os planos de sa\u00fade n\u00e3o podem restringir o n\u00famero de sess\u00f5es de psicologia, fonoaudiologia, fisioterapia e terapia ocupacional prescritas para tratamento do autismo.<\/p>","protected":false},"excerpt":{"rendered":"<p>Fixada no rito dos repetitivos, a tese estabelece que os planos de sa\u00fade n\u00e3o podem restringir o n\u00famero de sess\u00f5es de psicologia, fonoaudiologia, fisioterapia e terapia ocupacional prescritas para tratamento do autismo.<\/p>\n","protected":false},"author":0,"featured_media":0,"comment_status":"open","ping_status":"open","sticky":false,"template":"","format":"standard","meta":[],"categories":[1],"tags":[],"_links":{"self":[{"href":"https:\/\/aprimora.site\/carvalhoalmeidaadvogados\/wp-json\/wp\/v2\/posts\/21268"}],"collection":[{"href":"https:\/\/aprimora.site\/carvalhoalmeidaadvogados\/wp-json\/wp\/v2\/posts"}],"about":[{"href":"https:\/\/aprimora.site\/carvalhoalmeidaadvogados\/wp-json\/wp\/v2\/types\/post"}],"replies":[{"embeddable":true,"href":"https:\/\/aprimora.site\/carvalhoalmeidaadvogados\/wp-json\/wp\/v2\/comments?post=21268"}],"version-history":[{"count":0,"href":"https:\/\/aprimora.site\/carvalhoalmeidaadvogados\/wp-json\/wp\/v2\/posts\/21268\/revisions"}],"wp:attachment":[{"href":"https:\/\/aprimora.site\/carvalhoalmeidaadvogados\/wp-json\/wp\/v2\/media?parent=21268"}],"wp:term":[{"taxonomy":"category","embeddable":true,"href":"https:\/\/aprimora.site\/carvalhoalmeidaadvogados\/wp-json\/wp\/v2\/categories?post=21268"},{"taxonomy":"post_tag","embeddable":true,"href":"https:\/\/aprimora.site\/carvalhoalmeidaadvogados\/wp-json\/wp\/v2\/tags?post=21268"}],"curies":[{"name":"wp","href":"https:\/\/api.w.org\/{rel}","templated":true}]}}