{"id":21267,"date":"2026-03-13T09:00:56","date_gmt":"2026-03-13T12:00:56","guid":{"rendered":"https:\/\/aprimora.site\/carvalhoalmeidaadvogados\/2026\/03\/13\/primeira-secao-discute-se-bonificacoes-e-descontos-entram-na-base-de-calculo-do-pis-pasep-e-da-cofins\/"},"modified":"2026-03-13T09:00:56","modified_gmt":"2026-03-13T12:00:56","slug":"primeira-secao-discute-se-bonificacoes-e-descontos-entram-na-base-de-calculo-do-pis-pasep-e-da-cofins","status":"publish","type":"post","link":"https:\/\/aprimora.site\/carvalhoalmeidaadvogados\/2026\/03\/13\/primeira-secao-discute-se-bonificacoes-e-descontos-entram-na-base-de-calculo-do-pis-pasep-e-da-cofins\/","title":{"rendered":"Primeira Se\u00e7\u00e3o discute se bonifica\u00e7\u00f5es e descontos entram na base de c\u00e1lculo do PIS\/Pasep e da Cofins"},"content":{"rendered":"<p>Primeira Se\u00e7\u00e3o discute se bonifica\u00e7\u00f5es e descontos entram na base de c\u00e1lculo do PIS\/Pasep e da Cofins<\/p>","protected":false},"excerpt":{"rendered":"<p>Primeira Se\u00e7\u00e3o discute se bonifica\u00e7\u00f5es e descontos entram na base de c\u00e1lculo do PIS\/Pasep e da Cofins<\/p>\n","protected":false},"author":0,"featured_media":0,"comment_status":"open","ping_status":"open","sticky":false,"template":"","format":"standard","meta":[],"categories":[1],"tags":[],"_links":{"self":[{"href":"https:\/\/aprimora.site\/carvalhoalmeidaadvogados\/wp-json\/wp\/v2\/posts\/21267"}],"collection":[{"href":"https:\/\/aprimora.site\/carvalhoalmeidaadvogados\/wp-json\/wp\/v2\/posts"}],"about":[{"href":"https:\/\/aprimora.site\/carvalhoalmeidaadvogados\/wp-json\/wp\/v2\/types\/post"}],"replies":[{"embeddable":true,"href":"https:\/\/aprimora.site\/carvalhoalmeidaadvogados\/wp-json\/wp\/v2\/comments?post=21267"}],"version-history":[{"count":0,"href":"https:\/\/aprimora.site\/carvalhoalmeidaadvogados\/wp-json\/wp\/v2\/posts\/21267\/revisions"}],"wp:attachment":[{"href":"https:\/\/aprimora.site\/carvalhoalmeidaadvogados\/wp-json\/wp\/v2\/media?parent=21267"}],"wp:term":[{"taxonomy":"category","embeddable":true,"href":"https:\/\/aprimora.site\/carvalhoalmeidaadvogados\/wp-json\/wp\/v2\/categories?post=21267"},{"taxonomy":"post_tag","embeddable":true,"href":"https:\/\/aprimora.site\/carvalhoalmeidaadvogados\/wp-json\/wp\/v2\/tags?post=21267"}],"curies":[{"name":"wp","href":"https:\/\/api.w.org\/{rel}","templated":true}]}}