{"id":21263,"date":"2026-03-13T09:00:56","date_gmt":"2026-03-13T12:00:56","guid":{"rendered":"https:\/\/aprimora.site\/carvalhoalmeidaadvogados\/2026\/03\/13\/medicamentos-terao-reajuste-entre-113-e-381-define-cmed\/"},"modified":"2026-03-13T09:00:56","modified_gmt":"2026-03-13T12:00:56","slug":"medicamentos-terao-reajuste-entre-113-e-381-define-cmed","status":"publish","type":"post","link":"https:\/\/aprimora.site\/carvalhoalmeidaadvogados\/2026\/03\/13\/medicamentos-terao-reajuste-entre-113-e-381-define-cmed\/","title":{"rendered":"Medicamentos ter\u00e3o reajuste entre 1,13% e 3,81%, define CMED"},"content":{"rendered":"<p>A C\u00e2mara de Regula\u00e7\u00e3o de Mercado de Medicamentos (<a href=\"https:\/\/www.jota.info\/tudo-sobre\/cmed\">CMED<\/a>) definiu o percentual de reajuste de pre\u00e7os de <a href=\"https:\/\/www.jota.info\/tudo-sobre\/medicamentos\">medicamentos<\/a> que passa a valer a partir de 1\u00ba de abril. Em entrevista ao <span class=\"jota\">JOTA<\/span>, o secret\u00e1rio executivo Mateus Am\u00e2ncio confirmou que rem\u00e9dios que t\u00eam maior concorr\u00eancia no mercado poder\u00e3o elevar seus pre\u00e7os em at\u00e9 3,81%. Medicamentos classificados no n\u00edvel 2, com n\u00edvel intermedi\u00e1rio de concorr\u00eancia, poder\u00e3o aplicar um reajuste de 2,47%. Aqueles de menor concorr\u00eancia poder\u00e3o ajustar seus pre\u00e7os em at\u00e9 1,13%.<\/p>\n<p>Considerando o aumento do n\u00edvel m\u00e9dio, este \u00e9 o menor percentual de ajuste desde 2018. Em 2025, medicamentos do n\u00edvel 2 tiveram reajuste de 3,83%.<\/p>\n<p class=\"jota-cta\"><a href=\"https:\/\/www.jota.info\/produtos\/saude?utm_source=cta-site&amp;utm_medium=site&amp;utm_campaign=campanha_saude_q2&amp;utm_id=cta_texto_saude_q2_2023&amp;utm_term=cta_texto_saude&amp;utm_term=cta_texto_saude_meio_materias\">Com not\u00edcias da Anvisa e da ANS, o <span class=\"jota\">JOTA<\/span> PRO Sa\u00fade entrega previsibilidade e transpar\u00eancia para empresas do setor<\/a><\/p>\n<p>\u201cOs percentuais definidos pela CMED n\u00e3o s\u00e3o de aplica\u00e7\u00e3o autom\u00e1tica. Muitas empresas podem optar por n\u00e3o aplicar o reajuste em sua totalidade\u201d, observou Am\u00e2ncio. O valor tamb\u00e9m se aplica ao pre\u00e7o m\u00e1ximo que estava permitido. \u201cNem todas as empresas cobram pre\u00e7o m\u00e1ximo, por op\u00e7\u00e3o\u201d, lembrou.<\/p>\n<p>Nesses casos, na hip\u00f3tese de a empresa desejar aplicar aumento, ela poder\u00e1 fazer tomando como refer\u00eancia o pre\u00e7o m\u00e1ximo e n\u00e3o o pre\u00e7o cobrado. \u201cDa\u00ed a necessidade de se checar qual o valor m\u00e1ximo permitido em tabela\u201d, disse.<\/p>\n<p>O reajuste de pre\u00e7os de medicamentos ocorre uma vez ao ano e obedece \u00e0 metodologia estabelecida pela Lei 10.742, de 2003. Pela regra, h\u00e1 algumas classes de medicamentos que n\u00e3o precisam seguir esta l\u00f3gica de reajuste. S\u00e3o eles: fitoter\u00e1picos, medicamentos isentos de prescri\u00e7\u00e3o de alta concorr\u00eancia no mercado e os homeop\u00e1ticos. A resolu\u00e7\u00e3o da CMED com os porcentuais dever\u00e1 ser publicada at\u00e9 31 de mar\u00e7o.<\/p>\n<p>O reajuste, no entanto, n\u00e3o ser\u00e1 a \u00fanica altera\u00e7\u00e3o de pre\u00e7os que o consumidor sentir\u00e1 este ano. Est\u00e1 em an\u00e1lise na C\u00e2mara de Regula\u00e7\u00e3o de Mercado de Medicamentos a elabora\u00e7\u00e3o da tabela de ajuste de pre\u00e7os para compensar o retorno da al\u00edquota de PIS\/Cofins a medicamentos atualmente est\u00e3o enquadrados na lista positiva. A expectativa \u00e9 a de que a revis\u00e3o, reflexo da Lei Complementar 224, esteja conclu\u00edda at\u00e9 o fim de mar\u00e7o. De acordo com Am\u00e2ncio, o percentual de ajuste j\u00e1 foi definido pela equipe t\u00e9cnica e aguarda a aprova\u00e7\u00e3o do conselho de ministros que comp\u00f5em a CMED. Uma resolu\u00e7\u00e3o sobre o tema dever\u00e1 ser publicada, separadamente.<\/p>\n<p class=\"jota-cta\"><a href=\"https:\/\/conteudo.jota.info\/marketing-lp-newsletter-ultimas-noticias?utm_source=jota&amp;utm_medium=lp&amp;utm_campaign=23-09-2024-jota-lp-eleicoes-2024-eleicoes-2024-none-audiencias-none&amp;utm_content=eleicoes-2024&amp;utm_term=none\">Assine gratuitamente a newsletter \u00daltimas Not\u00edcias do <span class=\"jota\">JOTA<\/span> e receba as principais not\u00edcias jur\u00eddicas e pol\u00edticas do dia no seu email<\/a><\/p>","protected":false},"excerpt":{"rendered":"<p>A C\u00e2mara de Regula\u00e7\u00e3o de Mercado de Medicamentos (CMED) definiu o percentual de reajuste de pre\u00e7os de medicamentos que passa a valer a partir de 1\u00ba de abril. Em entrevista ao JOTA, o secret\u00e1rio executivo Mateus Am\u00e2ncio confirmou que rem\u00e9dios que t\u00eam maior concorr\u00eancia no mercado poder\u00e3o elevar seus pre\u00e7os em at\u00e9 3,81%. Medicamentos classificados [&hellip;]<\/p>\n","protected":false},"author":0,"featured_media":0,"comment_status":"open","ping_status":"open","sticky":false,"template":"","format":"standard","meta":[],"categories":[1],"tags":[],"_links":{"self":[{"href":"https:\/\/aprimora.site\/carvalhoalmeidaadvogados\/wp-json\/wp\/v2\/posts\/21263"}],"collection":[{"href":"https:\/\/aprimora.site\/carvalhoalmeidaadvogados\/wp-json\/wp\/v2\/posts"}],"about":[{"href":"https:\/\/aprimora.site\/carvalhoalmeidaadvogados\/wp-json\/wp\/v2\/types\/post"}],"replies":[{"embeddable":true,"href":"https:\/\/aprimora.site\/carvalhoalmeidaadvogados\/wp-json\/wp\/v2\/comments?post=21263"}],"version-history":[{"count":0,"href":"https:\/\/aprimora.site\/carvalhoalmeidaadvogados\/wp-json\/wp\/v2\/posts\/21263\/revisions"}],"wp:attachment":[{"href":"https:\/\/aprimora.site\/carvalhoalmeidaadvogados\/wp-json\/wp\/v2\/media?parent=21263"}],"wp:term":[{"taxonomy":"category","embeddable":true,"href":"https:\/\/aprimora.site\/carvalhoalmeidaadvogados\/wp-json\/wp\/v2\/categories?post=21263"},{"taxonomy":"post_tag","embeddable":true,"href":"https:\/\/aprimora.site\/carvalhoalmeidaadvogados\/wp-json\/wp\/v2\/tags?post=21263"}],"curies":[{"name":"wp","href":"https:\/\/api.w.org\/{rel}","templated":true}]}}