{"id":21259,"date":"2026-03-13T07:05:56","date_gmt":"2026-03-13T10:05:56","guid":{"rendered":"https:\/\/aprimora.site\/carvalhoalmeidaadvogados\/2026\/03\/13\/titulo-de-credito-e-garantia-real-para-fins-de-irpj-e-csll-decide-carf\/"},"modified":"2026-03-13T07:05:56","modified_gmt":"2026-03-13T10:05:56","slug":"titulo-de-credito-e-garantia-real-para-fins-de-irpj-e-csll-decide-carf","status":"publish","type":"post","link":"https:\/\/aprimora.site\/carvalhoalmeidaadvogados\/2026\/03\/13\/titulo-de-credito-e-garantia-real-para-fins-de-irpj-e-csll-decide-carf\/","title":{"rendered":"T\u00edtulo de cr\u00e9dito \u00e9 garantia real para fins de IRPJ e CSLL, decide Carf"},"content":{"rendered":"<p>A 2\u00aa Turma da 1\u00aa C\u00e2mara da 1\u00aa Se\u00e7\u00e3o do Conselho Administrativo de Recursos Fiscais (<a href=\"https:\/\/www.jota.info\/tudo-sobre\/Carf\">Carf<\/a>) decidiu, por unanimidade, que t\u00edtulos de cr\u00e9dito recebidos como garantia fiduci\u00e1ria constituem garantias reais para fins de dedu\u00e7\u00e3o no <a href=\"https:\/\/www.jota.info\/tributos\/irpj-entenda-o-que-e-como-funciona-e-como-e-calculado\">IRPJ<\/a> e na <a href=\"https:\/\/www.jota.info\/opiniao-e-analise\/artigos\/csll-o-que-e\">CSLL<\/a>. O caso envolvia a dedutibilidade de perdas na recupera\u00e7\u00e3o de cr\u00e9ditos pelo Banco Safra S.A.<\/p>\n<p>A fiscaliza\u00e7\u00e3o apontou que a institui\u00e7\u00e3o financeira fez dedu\u00e7\u00f5es de perdas com cr\u00e9ditos garantidos por t\u00edtulos antes de preencher os requisitos legais para o registro deles como perdas.<\/p>\n<p class=\"jota-cta\"><a href=\"https:\/\/www.jota.info\/produtos\/tributos?utm_source=cta-site&amp;utm_medium=site&amp;utm_campaign=campanha_tributos_q2&amp;utm_id=cta_texto_tributos_q2_2023&amp;utm_term=cta_texto_tributos&amp;utm_term=cta_texto_tributos_meio_materias\">O resultado deste julgamento foi antecipado a assinantes <span class=\"jota\">JOTA<\/span> PRO Tributos em 22\/11 de 2025. Conhe\u00e7a a plataforma do <span class=\"jota\">JOTA<\/span> de monitoramento tribut\u00e1rio para empresas e escrit\u00f3rios, que traz decis\u00f5es e movimenta\u00e7\u00f5es do Carf, STJ e STF<\/a><\/p>\n<p>J\u00e1 o contribuinte defendeu a tese de que os t\u00edtulos de cr\u00e9ditos n\u00e3o poderiam ser considerados garantias reais por serem \u201creceb\u00edveis n\u00e3o performados\u201d.<\/p>\n<p>Dentro dessa l\u00f3gica, n\u00e3o haveria problema com as dedu\u00e7\u00f5es feitas porque os requisitos legais para cr\u00e9ditos n\u00e3o garantidos estariam cumpridos.<\/p>\n<p class=\"jota-cta\"><a href=\"https:\/\/conteudo.jota.info\/marketing-lp-newsletter-ultimas-noticias?utm_source=jota&amp;utm_medium=lp&amp;utm_campaign=23-09-2024-jota-lp-eleicoes-2024-eleicoes-2024-none-audiencias-none&amp;utm_content=eleicoes-2024&amp;utm_term=none\"><span>Assine gratuitamente a newsletter \u00daltimas Not\u00edcias do <span class=\"jota\">JOTA<\/span> e receba as principais not\u00edcias jur\u00eddicas e pol\u00edticas do dia no seu email<\/span><\/a><\/p>\n<p>O processo tramita com o n\u00famero 16327.721049\/2021-90.<\/p>","protected":false},"excerpt":{"rendered":"<p>A 2\u00aa Turma da 1\u00aa C\u00e2mara da 1\u00aa Se\u00e7\u00e3o do Conselho Administrativo de Recursos Fiscais (Carf) decidiu, por unanimidade, que t\u00edtulos de cr\u00e9dito recebidos como garantia fiduci\u00e1ria constituem garantias reais para fins de dedu\u00e7\u00e3o no IRPJ e na CSLL. O caso envolvia a dedutibilidade de perdas na recupera\u00e7\u00e3o de cr\u00e9ditos pelo Banco Safra S.A. A [&hellip;]<\/p>\n","protected":false},"author":0,"featured_media":0,"comment_status":"open","ping_status":"open","sticky":false,"template":"","format":"standard","meta":[],"categories":[1],"tags":[],"_links":{"self":[{"href":"https:\/\/aprimora.site\/carvalhoalmeidaadvogados\/wp-json\/wp\/v2\/posts\/21259"}],"collection":[{"href":"https:\/\/aprimora.site\/carvalhoalmeidaadvogados\/wp-json\/wp\/v2\/posts"}],"about":[{"href":"https:\/\/aprimora.site\/carvalhoalmeidaadvogados\/wp-json\/wp\/v2\/types\/post"}],"replies":[{"embeddable":true,"href":"https:\/\/aprimora.site\/carvalhoalmeidaadvogados\/wp-json\/wp\/v2\/comments?post=21259"}],"version-history":[{"count":0,"href":"https:\/\/aprimora.site\/carvalhoalmeidaadvogados\/wp-json\/wp\/v2\/posts\/21259\/revisions"}],"wp:attachment":[{"href":"https:\/\/aprimora.site\/carvalhoalmeidaadvogados\/wp-json\/wp\/v2\/media?parent=21259"}],"wp:term":[{"taxonomy":"category","embeddable":true,"href":"https:\/\/aprimora.site\/carvalhoalmeidaadvogados\/wp-json\/wp\/v2\/categories?post=21259"},{"taxonomy":"post_tag","embeddable":true,"href":"https:\/\/aprimora.site\/carvalhoalmeidaadvogados\/wp-json\/wp\/v2\/tags?post=21259"}],"curies":[{"name":"wp","href":"https:\/\/api.w.org\/{rel}","templated":true}]}}