{"id":21256,"date":"2026-03-12T20:59:54","date_gmt":"2026-03-12T23:59:54","guid":{"rendered":"https:\/\/aprimora.site\/carvalhoalmeidaadvogados\/2026\/03\/12\/moraes-reve-propria-decisao-e-indefere-visita-de-assessor-de-trump-a-bolsonaro\/"},"modified":"2026-03-12T20:59:54","modified_gmt":"2026-03-12T23:59:54","slug":"moraes-reve-propria-decisao-e-indefere-visita-de-assessor-de-trump-a-bolsonaro","status":"publish","type":"post","link":"https:\/\/aprimora.site\/carvalhoalmeidaadvogados\/2026\/03\/12\/moraes-reve-propria-decisao-e-indefere-visita-de-assessor-de-trump-a-bolsonaro\/","title":{"rendered":"Moraes rev\u00ea pr\u00f3pria decis\u00e3o e indefere visita de assessor de Trump a Bolsonaro"},"content":{"rendered":"<p><span>O ministro <a href=\"https:\/\/www.jota.info\/tudo-sobre\/alexandre-de-moraes\">Alexandre de Moraes<\/a>, do Supremo Tribunal Federal (<a href=\"https:\/\/www.jota.info\/stf\">STF<\/a>), reconsiderou sua pr\u00f3pria decis\u00e3o e indeferiu a visita de Darren Beattie, assessor de <a href=\"https:\/\/www.jota.info\/tudo-sobre\/donald-trump\">Donald Trump<\/a>, a <a href=\"https:\/\/www.jota.info\/tudo-sobre\/jair-bolsonaro\">Jair Bolsonaro<\/a> na Papudinha, em Bras\u00edlia. <\/span><\/p>\n<p><span>De acordo com o magistrado, a visita ao ex-presidente n\u00e3o foi previamente comunicada \u00e0s autoridades diplom\u00e1ticas brasileiras e n\u00e3o \u201cest\u00e1 inserida no contexto diplom\u00e1tico\u201d. A decis\u00e3o foi publicada nesta quinta-feira (12\/3).\u00a0<\/span><\/p>\n<p><span>No dia 10 de mar\u00e7o, Moraes <a href=\"https:\/\/www.jota.info\/stf\/do-supremo\/moraes-autoriza-visita-de-assessor-do-governo-trump-a-bolsonaro-na-prisao\">tinha autorizado<\/a> a visita do atual assessor para rela\u00e7\u00f5es com o Brasil do Departamento de Estado dos Estados Unidos. Tamb\u00e9m foi autorizado um int\u00e9rprete. O encontro tinha sido agendado para a pr\u00f3xima quarta-feira (18\/3), das 8h \u00e0s 10h, por\u00e9m, em dia diferente do solicitado pela defesa do ex-presidente \u2013 que solicitou entre 16 e 17 de mar\u00e7o, por conta da agenda de Beattie.<\/span><\/p>\n<p class=\"jota-cta\"><a href=\"https:\/\/conteudo.jota.info\/marketing-lp-newsletter-ultimas-noticias?utm_source=jota&amp;utm_medium=lp&amp;utm_campaign=23-09-2024-jota-lp-eleicoes-2024-eleicoes-2024-none-audiencias-none&amp;utm_content=eleicoes-2024&amp;utm_term=none\"><span>Assine gratuitamente a newsletter \u00daltimas Not\u00edcias do <span class=\"jota\">JOTA<\/span> e receba as principais not\u00edcias jur\u00eddicas e pol\u00edticas do dia no seu email<\/span><\/a><\/p>\n<p><span>Moraes ent\u00e3o pediu informa\u00e7\u00f5es ao Itamaraty sobre a agenda diplom\u00e1tica de Beattie no Brasil. Na resposta, o ministro das Rela\u00e7\u00f5es Exteriores, Mauro Vieira, disse ao Supremo que o Itamaraty n\u00e3o foi informado do pedido de visita ao ex-presidente feito por Darren Beattie. Informou que poderia se tratar de uma indevida \u201cinger\u00eancia\u201d em assuntos brasileiros.<\/span><\/p>\n<p><span>Ainda segundo Vieira, o visto foi concedido com o objetivo espec\u00edfico de participa\u00e7\u00e3o de confer\u00eancia sobre minerais cr\u00edticos e para reuni\u00f5es oficiais com representantes do governo brasileiro.\u00a0<\/span><\/p>\n<p><span>\u201cPortanto, a realiza\u00e7\u00e3o da visita de Darren Beattie, requerida neste autos pela Defesa de JAIR MESSIAS BOLSONARO, n\u00e3o est\u00e1 inserida no contexto diplom\u00e1tico que autorizou a concess\u00e3o do visto e seu ingresso no territ\u00f3rio brasileiro, al\u00e9m de n\u00e3o ter sido comunicada, previamente, \u00e0s autoridades diplom\u00e1ticas brasileiras, o que, inclusive poderia ensejar a rean\u00e1lise do visto concedido\u201d, escreveu Moraes.\u00a0<\/span><\/p>\n<p><span>Beattie foi nomeado pelo presidente Donald Trump e o seu cargo envolve propor e supervisionar as pol\u00edticas e a\u00e7\u00f5es de Washington voltadas a Bras\u00edlia. O enviado de Trump j\u00e1 fez cr\u00edticas ao governo do presidente Luiz In\u00e1cio Lula da Silva e da atua\u00e7\u00e3o de Alexandre de Moraes na a\u00e7\u00e3o penal sobre a tentativa de golpe de Estado.\u00a0<\/span><\/p>\n<p><span>Bolsonaro est\u00e1 preso desde 22 de novembro por ter sido condenado por tentativa de golpe de pelo STF. Primeiro ele ficou custodiado na Superintend\u00eancia Regional da Pol\u00edcia Federal em Bras\u00edlia, e, desde o dia 15 de janeiro de 2026, ele est\u00e1 na Papudinha, tamb\u00e9m em Bras\u00edlia. <\/span><\/p>","protected":false},"excerpt":{"rendered":"<p>O ministro Alexandre de Moraes, do Supremo Tribunal Federal (STF), reconsiderou sua pr\u00f3pria decis\u00e3o e indeferiu a visita de Darren Beattie, assessor de Donald Trump, a Jair Bolsonaro na Papudinha, em Bras\u00edlia. De acordo com o magistrado, a visita ao ex-presidente n\u00e3o foi previamente comunicada \u00e0s autoridades diplom\u00e1ticas brasileiras e n\u00e3o \u201cest\u00e1 inserida no contexto [&hellip;]<\/p>\n","protected":false},"author":0,"featured_media":0,"comment_status":"open","ping_status":"open","sticky":false,"template":"","format":"standard","meta":[],"categories":[1],"tags":[],"_links":{"self":[{"href":"https:\/\/aprimora.site\/carvalhoalmeidaadvogados\/wp-json\/wp\/v2\/posts\/21256"}],"collection":[{"href":"https:\/\/aprimora.site\/carvalhoalmeidaadvogados\/wp-json\/wp\/v2\/posts"}],"about":[{"href":"https:\/\/aprimora.site\/carvalhoalmeidaadvogados\/wp-json\/wp\/v2\/types\/post"}],"replies":[{"embeddable":true,"href":"https:\/\/aprimora.site\/carvalhoalmeidaadvogados\/wp-json\/wp\/v2\/comments?post=21256"}],"version-history":[{"count":0,"href":"https:\/\/aprimora.site\/carvalhoalmeidaadvogados\/wp-json\/wp\/v2\/posts\/21256\/revisions"}],"wp:attachment":[{"href":"https:\/\/aprimora.site\/carvalhoalmeidaadvogados\/wp-json\/wp\/v2\/media?parent=21256"}],"wp:term":[{"taxonomy":"category","embeddable":true,"href":"https:\/\/aprimora.site\/carvalhoalmeidaadvogados\/wp-json\/wp\/v2\/categories?post=21256"},{"taxonomy":"post_tag","embeddable":true,"href":"https:\/\/aprimora.site\/carvalhoalmeidaadvogados\/wp-json\/wp\/v2\/tags?post=21256"}],"curies":[{"name":"wp","href":"https:\/\/api.w.org\/{rel}","templated":true}]}}