{"id":21254,"date":"2026-03-12T19:58:56","date_gmt":"2026-03-12T22:58:56","guid":{"rendered":"https:\/\/aprimora.site\/carvalhoalmeidaadvogados\/2026\/03\/12\/oab-solicita-a-mendonca-garantias-para-preservar-sigilo-de-defesas-no-caso-master\/"},"modified":"2026-03-12T19:58:56","modified_gmt":"2026-03-12T22:58:56","slug":"oab-solicita-a-mendonca-garantias-para-preservar-sigilo-de-defesas-no-caso-master","status":"publish","type":"post","link":"https:\/\/aprimora.site\/carvalhoalmeidaadvogados\/2026\/03\/12\/oab-solicita-a-mendonca-garantias-para-preservar-sigilo-de-defesas-no-caso-master\/","title":{"rendered":"OAB solicita a Mendon\u00e7a garantias para preservar sigilo de defesas no caso Master"},"content":{"rendered":"<p>O Conselho Federal da Ordem dos Advogados do Brasil (<a href=\"https:\/\/www.jota.info\/tudo-sobre\/oab\">OAB<\/a>) enviou documento ao ministro<a href=\"https:\/\/www.jota.info\/tudo-sobre\/andre-mendonca\"> Andr\u00e9 Mendon\u00e7a<\/a> solicitando provid\u00eancias para preservar o sigilo das comunica\u00e7\u00f5es entre os advogados e os investigados no inqu\u00e9rito do <a href=\"https:\/\/www.jota.info\/tudo-sobre\/Banco%20Master\">Banco Master<\/a>. Mendon\u00e7a \u00e9 relator das investiga\u00e7\u00f5es no Supremo Tribunal Federal (<a href=\"https:\/\/www.jota.info\/stf\">STF<\/a>).<\/p>\n<p>Entre as solicita\u00e7\u00f5es est\u00e3o a retirada dos di\u00e1logos dos autos, a apura\u00e7\u00e3o do vazamento das conversas e a garantia da inviolabilidade das comunica\u00e7\u00f5es entre cliente e advogados no estabelecimento prisional.<\/p>\n<p class=\"jota-cta\"><a href=\"https:\/\/conteudo.jota.info\/marketing-lp-newsletter-ultimas-noticias?utm_source=jota&amp;utm_medium=lp&amp;utm_campaign=23-09-2024-jota-lp-eleicoes-2024-eleicoes-2024-none-audiencias-none&amp;utm_content=eleicoes-2024&amp;utm_term=none\"><span>Assine gratuitamente a newsletter \u00daltimas Not\u00edcias do <span class=\"jota\">JOTA<\/span> e receba as principais not\u00edcias jur\u00eddicas e pol\u00edticas do dia no seu email<\/span><\/a><\/p>\n<p>O pedido se deu ap\u00f3s o vazamento na imprensa de di\u00e1logos do material apreendido durante investiga\u00e7\u00f5es da <a href=\"https:\/\/www.jota.info\/tudo-sobre\/policia-federal\">Pol\u00edcia Federal<\/a>. A entidade defende que as conversas entre advogados e clientes devem permanecer protegidas pelo sigilo profissional<\/p>\n<p>Para a OAB, comunica\u00e7\u00f5es dessa natureza devem permanecer protegidas pelo sigilo profissional.<\/p>\n<p>\u201cNesse cen\u00e1rio, a Ordem dos Advogados do Brasil afirma, de forma inequ\u00edvoca, seu entendimento de que acessos ilegais, obten\u00e7\u00e3o indevida ou vazamento de comunica\u00e7\u00f5es constituem condutas absolutamente inaceit\u00e1veis, que devem ser objeto de rigorosa apura\u00e7\u00e3o e responsabiliza\u00e7\u00e3o, especialmente quando atingem informa\u00e7\u00f5es protegidas por sigilo profissional no exerc\u00edcio da advocacia.<\/p>","protected":false},"excerpt":{"rendered":"<p>O Conselho Federal da Ordem dos Advogados do Brasil (OAB) enviou documento ao ministro Andr\u00e9 Mendon\u00e7a solicitando provid\u00eancias para preservar o sigilo das comunica\u00e7\u00f5es entre os advogados e os investigados no inqu\u00e9rito do Banco Master. Mendon\u00e7a \u00e9 relator das investiga\u00e7\u00f5es no Supremo Tribunal Federal (STF). Entre as solicita\u00e7\u00f5es est\u00e3o a retirada dos di\u00e1logos dos autos, [&hellip;]<\/p>\n","protected":false},"author":0,"featured_media":0,"comment_status":"open","ping_status":"open","sticky":false,"template":"","format":"standard","meta":[],"categories":[1],"tags":[],"_links":{"self":[{"href":"https:\/\/aprimora.site\/carvalhoalmeidaadvogados\/wp-json\/wp\/v2\/posts\/21254"}],"collection":[{"href":"https:\/\/aprimora.site\/carvalhoalmeidaadvogados\/wp-json\/wp\/v2\/posts"}],"about":[{"href":"https:\/\/aprimora.site\/carvalhoalmeidaadvogados\/wp-json\/wp\/v2\/types\/post"}],"replies":[{"embeddable":true,"href":"https:\/\/aprimora.site\/carvalhoalmeidaadvogados\/wp-json\/wp\/v2\/comments?post=21254"}],"version-history":[{"count":0,"href":"https:\/\/aprimora.site\/carvalhoalmeidaadvogados\/wp-json\/wp\/v2\/posts\/21254\/revisions"}],"wp:attachment":[{"href":"https:\/\/aprimora.site\/carvalhoalmeidaadvogados\/wp-json\/wp\/v2\/media?parent=21254"}],"wp:term":[{"taxonomy":"category","embeddable":true,"href":"https:\/\/aprimora.site\/carvalhoalmeidaadvogados\/wp-json\/wp\/v2\/categories?post=21254"},{"taxonomy":"post_tag","embeddable":true,"href":"https:\/\/aprimora.site\/carvalhoalmeidaadvogados\/wp-json\/wp\/v2\/tags?post=21254"}],"curies":[{"name":"wp","href":"https:\/\/api.w.org\/{rel}","templated":true}]}}