{"id":21252,"date":"2026-03-12T17:59:40","date_gmt":"2026-03-12T20:59:40","guid":{"rendered":"https:\/\/aprimora.site\/carvalhoalmeidaadvogados\/2026\/03\/12\/descumprir-ordem-de-monitoracao-eletronica-imposta-no-ambito-da-lei-maria-da-penha-e-crime\/"},"modified":"2026-03-12T17:59:40","modified_gmt":"2026-03-12T20:59:40","slug":"descumprir-ordem-de-monitoracao-eletronica-imposta-no-ambito-da-lei-maria-da-penha-e-crime","status":"publish","type":"post","link":"https:\/\/aprimora.site\/carvalhoalmeidaadvogados\/2026\/03\/12\/descumprir-ordem-de-monitoracao-eletronica-imposta-no-ambito-da-lei-maria-da-penha-e-crime\/","title":{"rendered":"Descumprir ordem de monitora\u00e7\u00e3o eletr\u00f4nica imposta no \u00e2mbito da Lei Maria da Penha \u00e9 crime"},"content":{"rendered":"<p>Segundo o relator, ministro Sebasti\u00e3o Reis J\u00fanior, o descumprimento da determina\u00e7\u00e3o para usar a tornozeleira compromete a efetividade da tutela judicial conferida \u00e0 v\u00edtima de viol\u00eancia dom\u00e9stica.<\/p>","protected":false},"excerpt":{"rendered":"<p>Segundo o relator, ministro Sebasti\u00e3o Reis J\u00fanior, o descumprimento da determina\u00e7\u00e3o para usar a tornozeleira compromete a efetividade da tutela judicial conferida \u00e0 v\u00edtima de viol\u00eancia dom\u00e9stica.<\/p>\n","protected":false},"author":0,"featured_media":0,"comment_status":"open","ping_status":"open","sticky":false,"template":"","format":"standard","meta":[],"categories":[1],"tags":[],"_links":{"self":[{"href":"https:\/\/aprimora.site\/carvalhoalmeidaadvogados\/wp-json\/wp\/v2\/posts\/21252"}],"collection":[{"href":"https:\/\/aprimora.site\/carvalhoalmeidaadvogados\/wp-json\/wp\/v2\/posts"}],"about":[{"href":"https:\/\/aprimora.site\/carvalhoalmeidaadvogados\/wp-json\/wp\/v2\/types\/post"}],"replies":[{"embeddable":true,"href":"https:\/\/aprimora.site\/carvalhoalmeidaadvogados\/wp-json\/wp\/v2\/comments?post=21252"}],"version-history":[{"count":0,"href":"https:\/\/aprimora.site\/carvalhoalmeidaadvogados\/wp-json\/wp\/v2\/posts\/21252\/revisions"}],"wp:attachment":[{"href":"https:\/\/aprimora.site\/carvalhoalmeidaadvogados\/wp-json\/wp\/v2\/media?parent=21252"}],"wp:term":[{"taxonomy":"category","embeddable":true,"href":"https:\/\/aprimora.site\/carvalhoalmeidaadvogados\/wp-json\/wp\/v2\/categories?post=21252"},{"taxonomy":"post_tag","embeddable":true,"href":"https:\/\/aprimora.site\/carvalhoalmeidaadvogados\/wp-json\/wp\/v2\/tags?post=21252"}],"curies":[{"name":"wp","href":"https:\/\/api.w.org\/{rel}","templated":true}]}}