{"id":21251,"date":"2026-03-12T17:59:40","date_gmt":"2026-03-12T20:59:40","guid":{"rendered":"https:\/\/aprimora.site\/carvalhoalmeidaadvogados\/2026\/03\/12\/mauro-vieira-diz-ao-stf-que-visita-de-assessor-de-trump-a-bolsonaro-pode-ser-ingerencia\/"},"modified":"2026-03-12T17:59:40","modified_gmt":"2026-03-12T20:59:40","slug":"mauro-vieira-diz-ao-stf-que-visita-de-assessor-de-trump-a-bolsonaro-pode-ser-ingerencia","status":"publish","type":"post","link":"https:\/\/aprimora.site\/carvalhoalmeidaadvogados\/2026\/03\/12\/mauro-vieira-diz-ao-stf-que-visita-de-assessor-de-trump-a-bolsonaro-pode-ser-ingerencia\/","title":{"rendered":"Mauro Vieira diz ao STF que visita de assessor de Trump a Bolsonaro pode ser \u2018inger\u00eancia\u2019"},"content":{"rendered":"<p>O ministro das Rela\u00e7\u00f5es Exteriores, Mauro Vieira, disse ao Supremo Tribunal Federal (<a href=\"https:\/\/www.jota.info\/tudo-sobre\/STF\">STF<\/a>) que o Itamaraty n\u00e3o foi informado do pedido de visita ao ex-presidente <a href=\"http:\/\/www.jota.info\/tudo-sobre\/jair-bolsonaro\">Jair Bolsonaro<\/a> (PL) feito por Darren Beattie, assessor para rela\u00e7\u00f5es com o Brasil do Departamento de Estado dos Estados Unidos.<\/p>\n<p>Vieira tamb\u00e9m disse, de forma gen\u00e9rica, que o encontro entre os dois pode representar uma \u201cinger\u00eancia\u201d em assuntos brasileiros.<\/p>\n<p class=\"jota-cta\"><a href=\"https:\/\/www.jota.info\/produtos\/poder?utm_source=cta-site&amp;utm_medium=site&amp;utm_campaign=campanha_poder_q2&amp;utm_id=cta_texto_poder_q2_2023&amp;utm_term=cta_texto_poder&amp;utm_term=cta_texto_poder_meio_materias\">Conhe\u00e7a o <span class=\"jota\">JOTA<\/span> PRO Poder, plataforma de monitoramento que oferece transpar\u00eancia e previsibilidade para empresas<\/a><\/p>\n<p>\u201cCumpre observar, por oportuno, que a visita de um funcion\u00e1rio de Estado estrangeiro a um ex-Presidente da Rep\u00fablica em ano eleitoral pode configurar indevida inger\u00eancia nos assuntos internos do Estado brasileiro\u201d, afirmou em resposta ao ministro Alexandre de Moraes.<\/p>\n<p>Moraes havia pedido informa\u00e7\u00f5es ao Itamaraty sobre a agenda diplom\u00e1tica de Beattie no Brasil. A defesa de Bolsonaro quer mudar o dia da visita do norte-americano ao ex-presidente, <a href=\"https:\/\/www.jota.info\/stf\/do-supremo\/moraes-autoriza-visita-de-assessor-do-governo-trump-a-bolsonaro-na-prisao\">autorizada por Moraes em data diferente da requerida pelos advogados<\/a>.<\/p>\n<p>No of\u00edcio a Moraes, Mauro Vieira afirmou que a vinda de Beattie ao Brasil foi informada pela Embaixada dos Estados Unidos em Bras\u00edlia. O funcion\u00e1rio do Departamento de Estado chegar\u00e1 a Bras\u00edlia em 16\/3 e partir\u00e1 para S\u00e3o Paulo na noite seguinte. Em seguida, partir\u00e1 da capital paulista na noite de 18\/3, para Washington, D.C.<\/p>\n<p>Conforme Vieira, o governo norte-americano informou que Beattie viajaria ao Brasil para uma confer\u00eancia sobre minerais cr\u00edticos e para \u201creuni\u00f5es oficiais com representantes do Governo brasileiro\u201d.<\/p>\n<p>\u201cEsclare\u00e7o que a referida confer\u00eancia, intitulada \u2018F\u00f3rum Brasil-EUA de Minerais Cr\u00edticos\u2019 (\u201cUS-Brazil Forum on Critical Minerals\u201d), ser\u00e1 realizada, em S\u00e3o Paulo, no pr\u00f3ximo dia 18\/3, na sede da C\u00e2mara Americana de Com\u00e9rcio para o Brasil (AMCHAM)\u201d, disse o ministro do Itamaraty.<\/p>\n<p class=\"jota-cta\"><a href=\"https:\/\/conteudo.jota.info\/marketing-lp-newsletter-ultimas-noticias?utm_source=jota&amp;utm_medium=lp&amp;utm_campaign=23-09-2024-jota-lp-eleicoes-2024-eleicoes-2024-none-audiencias-none&amp;utm_content=eleicoes-2024&amp;utm_term=none\">Assine gratuitamente a newsletter \u00daltimas Not\u00edcias do <span class=\"jota\">JOTA<\/span> e receba as principais not\u00edcias jur\u00eddicas e pol\u00edticas do dia no seu email<\/a><\/p>\n<p>Segundo Vieira, foi s\u00f3 na quarta-feira (11\/3) que a Embaixada dos Estados Unidos em Bras\u00edlia solicitou encontro de Beattie no Minist\u00e9rio das Rela\u00e7\u00f5es Exteriores, \u201cinexistindo, at\u00e9 ent\u00e3o, qualquer agendamento diplom\u00e1tico previamente notificado a esta Pasta\u201d.<\/p>\n<p>Nenhuma das reuni\u00f5es pedidas ao Itamaraty est\u00e1 confirmada, de acordo com Mauro Vieira. Uma delas, inclusive, chegou a ser solicitada \u201cem mensagem de diplomata da Embaixada dos EUA por aplicativo de mensagens\u201d.<\/p>\n<p>Beattie foi nomeado pelo presidente Donald Trump e o seu cargo envolve propor e supervisionar as pol\u00edticas e a\u00e7\u00f5es de Washington voltadas a Bras\u00edlia. O enviado de Trump j\u00e1 fez cr\u00edticas ao governo do presidente Luiz In\u00e1cio Lula da Silva e \u00e0 atua\u00e7\u00e3o de Moraes na a\u00e7\u00e3o penal sobre a tentativa de golpe de Estado.<\/p>","protected":false},"excerpt":{"rendered":"<p>O ministro das Rela\u00e7\u00f5es Exteriores, Mauro Vieira, disse ao Supremo Tribunal Federal (STF) que o Itamaraty n\u00e3o foi informado do pedido de visita ao ex-presidente Jair Bolsonaro (PL) feito por Darren Beattie, assessor para rela\u00e7\u00f5es com o Brasil do Departamento de Estado dos Estados Unidos. Vieira tamb\u00e9m disse, de forma gen\u00e9rica, que o encontro entre [&hellip;]<\/p>\n","protected":false},"author":0,"featured_media":0,"comment_status":"open","ping_status":"open","sticky":false,"template":"","format":"standard","meta":[],"categories":[1],"tags":[],"_links":{"self":[{"href":"https:\/\/aprimora.site\/carvalhoalmeidaadvogados\/wp-json\/wp\/v2\/posts\/21251"}],"collection":[{"href":"https:\/\/aprimora.site\/carvalhoalmeidaadvogados\/wp-json\/wp\/v2\/posts"}],"about":[{"href":"https:\/\/aprimora.site\/carvalhoalmeidaadvogados\/wp-json\/wp\/v2\/types\/post"}],"replies":[{"embeddable":true,"href":"https:\/\/aprimora.site\/carvalhoalmeidaadvogados\/wp-json\/wp\/v2\/comments?post=21251"}],"version-history":[{"count":0,"href":"https:\/\/aprimora.site\/carvalhoalmeidaadvogados\/wp-json\/wp\/v2\/posts\/21251\/revisions"}],"wp:attachment":[{"href":"https:\/\/aprimora.site\/carvalhoalmeidaadvogados\/wp-json\/wp\/v2\/media?parent=21251"}],"wp:term":[{"taxonomy":"category","embeddable":true,"href":"https:\/\/aprimora.site\/carvalhoalmeidaadvogados\/wp-json\/wp\/v2\/categories?post=21251"},{"taxonomy":"post_tag","embeddable":true,"href":"https:\/\/aprimora.site\/carvalhoalmeidaadvogados\/wp-json\/wp\/v2\/tags?post=21251"}],"curies":[{"name":"wp","href":"https:\/\/api.w.org\/{rel}","templated":true}]}}