{"id":21247,"date":"2026-03-12T16:59:13","date_gmt":"2026-03-12T19:59:13","guid":{"rendered":"https:\/\/aprimora.site\/carvalhoalmeidaadvogados\/2026\/03\/12\/moraes-determina-busca-em-casa-de-jornalista-para-investigar-crime-de-stalking-contra-dino\/"},"modified":"2026-03-12T16:59:13","modified_gmt":"2026-03-12T19:59:13","slug":"moraes-determina-busca-em-casa-de-jornalista-para-investigar-crime-de-stalking-contra-dino","status":"publish","type":"post","link":"https:\/\/aprimora.site\/carvalhoalmeidaadvogados\/2026\/03\/12\/moraes-determina-busca-em-casa-de-jornalista-para-investigar-crime-de-stalking-contra-dino\/","title":{"rendered":"Moraes determina busca em casa de jornalista para investigar crime de stalking contra Dino"},"content":{"rendered":"<p>Por determina\u00e7\u00e3o do ministro <a href=\"https:\/\/www.jota.info\/tudo-sobre\/alexandre-de-moraes\">Alexandre de Moraes<\/a>, do Supremo Tribunal Federal (<a href=\"https:\/\/www.jota.info\/tudo-sobre\/STF\">STF<\/a>), a Pol\u00edcia Federal cumpriu na ter\u00e7a-feira (10\/3) um mandado de busca e apreens\u00e3o contra o jornalista maranhense Lu\u00eds Pablo Concei\u00e7\u00e3o Almeida em investiga\u00e7\u00e3o que apura suposto crime de persegui\u00e7\u00e3o contra o ministro Fl\u00e1vio Dino. De acordo com a PF, o jornalista teria divulgado mat\u00e9rias contendo informa\u00e7\u00f5es que podem caracterizar, em tese, o crime de stalking. O processo corre em segredo de justi\u00e7a.<\/p>\n<p>Na quarta-feira (11\/3), o jornalista publicou em seu blog que foi alvo da opera\u00e7\u00e3o em sua resid\u00eancia. Segundo a nota, durante a dilig\u00eancia, foram apreendidos um computador e aparelhos celulares. Lu\u00eds Pablo informou que n\u00e3o teve acesso integral aos autos para compreender os fundamentos da decis\u00e3o. Um dia depois da nota do jornalista, a PF confirmou a a\u00e7\u00e3o.<\/p>\n<p class=\"jota-cta\"><a href=\"https:\/\/www.jota.info\/produtos\/poder?utm_source=cta-site&amp;utm_medium=site&amp;utm_campaign=campanha_poder_q2&amp;utm_id=cta_texto_poder_q2_2023&amp;utm_term=cta_texto_poder&amp;utm_term=cta_texto_poder_meio_materias\">Conhe\u00e7a o <span class=\"jota\">JOTA<\/span> PRO Poder, plataforma de monitoramento que oferece transpar\u00eancia e previsibilidade para empresas<\/a><\/p>\n<p>Segundo informa\u00e7\u00f5es processuais, no dia 13 de janeiro de 2026, a Procuradoria-Geral da Rep\u00fablica (PGR) manifestou-se a favor da investiga\u00e7\u00e3o e em 12 de fevereiro de 2026, a presid\u00eancia determinou, a pedido do ministro Cristiano Zanin, a redistribui\u00e7\u00e3o dos autos a Moraes.<\/p>\n<p>A Comiss\u00e3o de Defesa da Liberdade de Express\u00e3o e de Imprensa da OAB-MA divulgou nota dizendo que permanece vigilante na defesa das garantias constitucionais relacionadas ao exerc\u00edcio da atividade jornal\u00edstica no Maranh\u00e3o.<\/p>\n<p class=\"jota-cta\"><a href=\"https:\/\/conteudo.jota.info\/marketing-lp-newsletter-ultimas-noticias?utm_source=jota&amp;utm_medium=lp&amp;utm_campaign=23-09-2024-jota-lp-eleicoes-2024-eleicoes-2024-none-audiencias-none&amp;utm_content=eleicoes-2024&amp;utm_term=none\">Assine gratuitamente a newsletter \u00daltimas Not\u00edcias do <span class=\"jota\">JOTA<\/span> e receba as principais not\u00edcias jur\u00eddicas e pol\u00edticas do dia no seu email<\/a><\/p>","protected":false},"excerpt":{"rendered":"<p>Por determina\u00e7\u00e3o do ministro Alexandre de Moraes, do Supremo Tribunal Federal (STF), a Pol\u00edcia Federal cumpriu na ter\u00e7a-feira (10\/3) um mandado de busca e apreens\u00e3o contra o jornalista maranhense Lu\u00eds Pablo Concei\u00e7\u00e3o Almeida em investiga\u00e7\u00e3o que apura suposto crime de persegui\u00e7\u00e3o contra o ministro Fl\u00e1vio Dino. De acordo com a PF, o jornalista teria divulgado [&hellip;]<\/p>\n","protected":false},"author":0,"featured_media":0,"comment_status":"open","ping_status":"open","sticky":false,"template":"","format":"standard","meta":[],"categories":[1],"tags":[],"_links":{"self":[{"href":"https:\/\/aprimora.site\/carvalhoalmeidaadvogados\/wp-json\/wp\/v2\/posts\/21247"}],"collection":[{"href":"https:\/\/aprimora.site\/carvalhoalmeidaadvogados\/wp-json\/wp\/v2\/posts"}],"about":[{"href":"https:\/\/aprimora.site\/carvalhoalmeidaadvogados\/wp-json\/wp\/v2\/types\/post"}],"replies":[{"embeddable":true,"href":"https:\/\/aprimora.site\/carvalhoalmeidaadvogados\/wp-json\/wp\/v2\/comments?post=21247"}],"version-history":[{"count":0,"href":"https:\/\/aprimora.site\/carvalhoalmeidaadvogados\/wp-json\/wp\/v2\/posts\/21247\/revisions"}],"wp:attachment":[{"href":"https:\/\/aprimora.site\/carvalhoalmeidaadvogados\/wp-json\/wp\/v2\/media?parent=21247"}],"wp:term":[{"taxonomy":"category","embeddable":true,"href":"https:\/\/aprimora.site\/carvalhoalmeidaadvogados\/wp-json\/wp\/v2\/categories?post=21247"},{"taxonomy":"post_tag","embeddable":true,"href":"https:\/\/aprimora.site\/carvalhoalmeidaadvogados\/wp-json\/wp\/v2\/tags?post=21247"}],"curies":[{"name":"wp","href":"https:\/\/api.w.org\/{rel}","templated":true}]}}