{"id":21246,"date":"2026-03-12T15:58:23","date_gmt":"2026-03-12T18:58:23","guid":{"rendered":"https:\/\/aprimora.site\/carvalhoalmeidaadvogados\/2026\/03\/12\/com-confirmacao-de-tebet-chapa-de-lula-ganha-corpo-em-sp-mas-psb-vira-entrave\/"},"modified":"2026-03-12T15:58:23","modified_gmt":"2026-03-12T18:58:23","slug":"com-confirmacao-de-tebet-chapa-de-lula-ganha-corpo-em-sp-mas-psb-vira-entrave","status":"publish","type":"post","link":"https:\/\/aprimora.site\/carvalhoalmeidaadvogados\/2026\/03\/12\/com-confirmacao-de-tebet-chapa-de-lula-ganha-corpo-em-sp-mas-psb-vira-entrave\/","title":{"rendered":"Com confirma\u00e7\u00e3o de Tebet, chapa de Lula ganha corpo em SP, mas PSB vira entrave"},"content":{"rendered":"<p><span>Com a confirma\u00e7\u00e3o de <a href=\"https:\/\/www.jota.info\/tudo-sobre\/simone-tebet\">Simone Tebet<\/a> (MDB) de que concorrer\u00e1 ao Senado por S\u00e3o Paulo, a chapa do presidente Lula no estado fica a partir de agora com apenas duas vagas a serem definidas entre o PT e seus aliados. \u201cPol\u00edtica \u00e9 miss\u00e3o. Vou com muita tranquilidade disputar um processo eleitoral que eu entendo muito importante para o Brasil\u201d, disse a ministra do Planejamento nesta quinta-feira (12\/03) em Campo Grande (MS).<\/span><\/p>\n<p><span>Tebet afirmou que atendeu a pedidos de Lula e do vice-presidente da Rep\u00fablica, Geraldo Alckmin (PSB), para disputar a elei\u00e7\u00e3o em S\u00e3o Paulo. Ela nasceu no Mato Grosso do Sul, onde fez carreira pol\u00edtica e se elegeu senadora em 2014. A ministra dever\u00e1 trocar de partido para encarar a \u201cmiss\u00e3o\u201d, pois o MDB, ao qual ela permanece filiada, caminha para a apoiar a reelei\u00e7\u00e3o de Tarc\u00edsio de Freitas (Republicanos), atual ocupante do Pal\u00e1cio dos Bandeirantes.<\/span><\/p>\n<p class=\"jota-cta\"><a href=\"https:\/\/conteudo.jota.info\/marketing-lp-newsletter-ultimas-noticias?utm_source=jota&amp;utm_medium=lp&amp;utm_campaign=23-09-2024-jota-lp-eleicoes-2024-eleicoes-2024-none-audiencias-none&amp;utm_content=eleicoes-2024&amp;utm_term=none\"><span>Assine gratuitamente a newsletter \u00daltimas Not\u00edcias do <span class=\"jota\">JOTA<\/span> e receba as principais not\u00edcias jur\u00eddicas e pol\u00edticas do dia no seu email<\/span><\/a><\/p>\n<p><span>Apesar de ainda n\u00e3o ter sido anunciado oficialmente, a indica\u00e7\u00e3o de <a href=\"https:\/\/www.jota.info\/tudo-sobre\/fernando-haddad\">Fernando Haddad<\/a> (PT) para concorrer ao governo \u00e9 dada como certa no Planalto e entre os aliados de Lula em S\u00e3o Paulo. Assim, fica faltando definir quem ocupar\u00e1 a vaga de candidato a vice-governador e a segunda vaga para o Senado. \u00c9 justamente nesse ponto que residem os maiores entraves para a composi\u00e7\u00e3o final da chapa.<\/span><\/p>\n<p><span>O PT tem como aliados potenciais em S\u00e3o Paulo o PSB, o PSOL e os partidos que formam com ele uma federa\u00e7\u00e3o, o PV e o PCdoB. Nos bastidores, o partido do presidente tenta ainda atrair outros partidos para formar uma coliga\u00e7\u00e3o que d\u00ea sustenta\u00e7\u00e3o pol\u00edtica e eleitoral para Lula e Haddad no estado.<\/span><\/p>\n<p><span>O destino mais prov\u00e1vel de Tebet seria o PSB, mas o principal l\u00edder do partido em S\u00e3o Paulo, o ministro M\u00e1rcio Fran\u00e7a (Empreendedorismo), tamb\u00e9m almeja concorrer a uma vaga ao Senado, o que pode obrigar a ministra a buscar uma outra alternativa partid\u00e1ria, por\u00e9m, dentro da \u00f3rbita \u201clulista\u201d.<\/span><\/p>\n<p><span>H\u00e1 ainda entre os cotados para compor a chapa a ministra Marina Silva (Meio Ambiente), atualmente na Rede, mas com previs\u00e3o de sa\u00edda do partido. Ela tem afirmado que n\u00e3o est\u00e1 disposta a concorrer a deputada federal e \u00e9 lembrada como op\u00e7\u00e3o para ser vice de Haddad ou para o Senado. O PSB tamb\u00e9m seria um destino prov\u00e1vel para ela. Outro destino poss\u00edvel seria o PSOL, que forma uma federa\u00e7\u00e3o com a Rede.\u00a0<\/span><\/p>\n<p><span>Ou seja, tr\u00eas dos nomes mais fortes para ocupar uma das quatro vagas (governador, vice e duas para o Senado) poder\u00e3o estar no mesmo partido, o PSB, sendo que Fran\u00e7a tem total controle sobre a sigla em S\u00e3o Paulo.\u00a0 O mais prov\u00e1vel \u00e9 que os l\u00edderes envolvidos na negocia\u00e7\u00e3o busquem outras alternativas ou tentem convencer o ministro do Empreendedorismo a desistir de ser senador, o que n\u00e3o ser\u00e1 simples.<\/span><\/p>\n<p><span>A mais recente pesquisa Datafolha animou o campo lulista em S\u00e3o Paulo quando o assunto \u00e9 Senado. Haddad, com 30%, Tebet, com 25%, Fran\u00e7a, com 20%, Marina, com 18%, e Guilherme Boulos (PSOL), com 14%, s\u00e3o os melhores colocados (nessa ordem), seguidos por Guilherme Derrite (PP), tamb\u00e9m com 14%, que deve ser um dos candidatos apoiados por Tarc\u00edsio. A margem de erro \u00e9 de dois pontos porcentuais para mais ou para menos dentro do n\u00edvel de confian\u00e7a de 95% e est\u00e1 registrada no Tribunal Superior Eleitoral (TSE).<\/span><\/p>\n<h2>Vice com perfil empresarial<\/h2>\n<p><span>A quest\u00e3o, no caso do posto de vice, \u00e9 que Lula e Haddad est\u00e3o em busca de um perfil que amplie apoios rumo ao centro, de prefer\u00eancia, sem liga\u00e7\u00f5es hist\u00f3ricas com o PT e a esquerda. A ideia, neste momento, segundo apurou o <span class=\"jota\">JOTA<\/span>, \u00e9 encontrar <a href=\"https:\/\/www.jota.info\/eleicoes\/eleicoes-2026\/skaf-surge-como-possivel-vice-de-haddad-para-a-disputa-do-governo-de-sp\">um empres\u00e1rio para ocupar a vaga<\/a> ou um pol\u00edtico do interior paulista ligado ao agroneg\u00f3cio. A avalia\u00e7\u00e3o do ministro da Fazenda e do presidente \u00e9 de que a candidatura precisa furar a bolha esquerdista.<\/span><\/p>\n<p><span>Tebet n\u00e3o confirmou qual ser\u00e1 seu novo partido. Ela, no entanto, frisou que Alckmin foi um importante incentivador de sua decis\u00e3o de concorrer ao Senado por S\u00e3o Paulo, mas que isso n\u00e3o significa sua ades\u00e3o autom\u00e1tica ao PSB. A ministra tamb\u00e9m n\u00e3o definiu data para deixar o Planejamento. O prazo final determinado pela lei \u00e9 4 de abril pr\u00f3ximo.<\/span><span><br \/>\n<\/span><\/p>","protected":false},"excerpt":{"rendered":"<p>Com a confirma\u00e7\u00e3o de Simone Tebet (MDB) de que concorrer\u00e1 ao Senado por S\u00e3o Paulo, a chapa do presidente Lula no estado fica a partir de agora com apenas duas vagas a serem definidas entre o PT e seus aliados. \u201cPol\u00edtica \u00e9 miss\u00e3o. Vou com muita tranquilidade disputar um processo eleitoral que eu entendo muito [&hellip;]<\/p>\n","protected":false},"author":0,"featured_media":0,"comment_status":"open","ping_status":"open","sticky":false,"template":"","format":"standard","meta":[],"categories":[1],"tags":[],"_links":{"self":[{"href":"https:\/\/aprimora.site\/carvalhoalmeidaadvogados\/wp-json\/wp\/v2\/posts\/21246"}],"collection":[{"href":"https:\/\/aprimora.site\/carvalhoalmeidaadvogados\/wp-json\/wp\/v2\/posts"}],"about":[{"href":"https:\/\/aprimora.site\/carvalhoalmeidaadvogados\/wp-json\/wp\/v2\/types\/post"}],"replies":[{"embeddable":true,"href":"https:\/\/aprimora.site\/carvalhoalmeidaadvogados\/wp-json\/wp\/v2\/comments?post=21246"}],"version-history":[{"count":0,"href":"https:\/\/aprimora.site\/carvalhoalmeidaadvogados\/wp-json\/wp\/v2\/posts\/21246\/revisions"}],"wp:attachment":[{"href":"https:\/\/aprimora.site\/carvalhoalmeidaadvogados\/wp-json\/wp\/v2\/media?parent=21246"}],"wp:term":[{"taxonomy":"category","embeddable":true,"href":"https:\/\/aprimora.site\/carvalhoalmeidaadvogados\/wp-json\/wp\/v2\/categories?post=21246"},{"taxonomy":"post_tag","embeddable":true,"href":"https:\/\/aprimora.site\/carvalhoalmeidaadvogados\/wp-json\/wp\/v2\/tags?post=21246"}],"curies":[{"name":"wp","href":"https:\/\/api.w.org\/{rel}","templated":true}]}}