{"id":21242,"date":"2026-03-12T14:06:02","date_gmt":"2026-03-12T17:06:02","guid":{"rendered":"https:\/\/aprimora.site\/carvalhoalmeidaadvogados\/2026\/03\/12\/governo-lula-zera-a-aliquota-de-pis-cofins-sobre-importacao-do-diesel\/"},"modified":"2026-03-12T14:06:02","modified_gmt":"2026-03-12T17:06:02","slug":"governo-lula-zera-a-aliquota-de-pis-cofins-sobre-importacao-do-diesel","status":"publish","type":"post","link":"https:\/\/aprimora.site\/carvalhoalmeidaadvogados\/2026\/03\/12\/governo-lula-zera-a-aliquota-de-pis-cofins-sobre-importacao-do-diesel\/","title":{"rendered":"Governo Lula zera a al\u00edquota de PIS\/Cofins sobre importa\u00e7\u00e3o do diesel"},"content":{"rendered":"<p>O governo <a href=\"https:\/\/www.jota.info\/tudo-sobre\/lula\">Luiz In\u00e1cio Lula da Silva<\/a> (PT) anunciou nesta quinta-feira (12\/3) medidas tempor\u00e1rias para reduzir <a href=\"https:\/\/www.jota.info\/executivo\/impacto-da-guerra-no-ira-ainda-e-incerto-mas-governo-ve-cenario-em-deterioracao\">o impacto da oscila\u00e7\u00e3o do pre\u00e7o internacional do petr\u00f3leo<\/a>, causada pela guerra no Oriente M\u00e9dio entre Estados Unidos, Israel e Ir\u00e3, sobre o diesel no Brasil. Ser\u00e1 zerada a al\u00edquota de PIS e Cofins sobre a importa\u00e7\u00e3o e comercializa\u00e7\u00e3o de diesel e tamb\u00e9m criada uma subven\u00e7\u00e3o ao combust\u00edvel, com um total de R$ 0,64 de desconto, segundo o ministro da Fazenda, Fernando Haddad (PT).<\/p>\n<p>Tamb\u00e9m foi assinada pelo presidente Lula, que participa do an\u00fancio, uma nova medida provis\u00f3ria (MP 1.340), que permitir\u00e1 \u00e0 ANP um maior controle de fiscaliza\u00e7\u00e3o de <a href=\"https:\/\/www.jota.info\/executivo\/guerra-no-oriente-medio-pode-pressionar-inflacao-e-criar-risco-eleitoral-a-lula\">poss\u00edveis pr\u00e1ticas abusivas de pre\u00e7os<\/a> e de armazenamento injustific\u00e1vel de combust\u00edvel por parte das distribuidoras.<\/p>\n<p class=\"jota-cta\"><a href=\"https:\/\/www.jota.info\/produtos\/poder?utm_source=cta-site&amp;utm_medium=site&amp;utm_campaign=campanha_poder_q2&amp;utm_id=cta_texto_poder_q2_2023&amp;utm_term=cta_texto_poder&amp;utm_term=cta_texto_poder_meio_materias\">Conhe\u00e7a o <span class=\"jota\">JOTA<\/span> PRO Poder, plataforma de monitoramento que oferece transpar\u00eancia e previsibilidade para empresas<\/a><\/p>\n<p>Ao contr\u00e1rio das anteriores, esta medida deve ser permanente, segundo o ministro da Casa Civil, Rui Costa (PT). Com isso, a ideia do governo \u00e9 garantir que a ren\u00fancia fiscal e a subven\u00e7\u00e3o econ\u00f4mica seja, de fato, repassada ao consumidor final.<\/p>\n<p>A MP tamb\u00e9m cria um Imposto de Exporta\u00e7\u00e3o. Segundo Haddad, o objetivo \u00e9 evitar que as empresas que extraem petr\u00f3leo sejam favorecidas por lucros \u201cextraordin\u00e1rios e abusivos\u201d.<\/p>\n<p>O presidente Lula, por sua vez, cobrou que os estados reduzam o ICMS do combust\u00edvel. \u201cVamos fazer tudo poss\u00edvel e quem sabe esperar boa vontade de governadores de estados para reduzir ICMS para que a gente garanta que a guerra n\u00e3o chegue ao bolso do consumidor e dos consumidores\u201d.<\/p>\n<p class=\"jota-cta\"><a href=\"https:\/\/conteudo.jota.info\/marketing-lp-newsletter-ultimas-noticias?utm_source=jota&amp;utm_medium=lp&amp;utm_campaign=23-09-2024-jota-lp-eleicoes-2024-eleicoes-2024-none-audiencias-none&amp;utm_content=eleicoes-2024&amp;utm_term=none\">Assine gratuitamente a newsletter \u00daltimas Not\u00edcias do <span class=\"jota\">JOTA<\/span> e receba as principais not\u00edcias jur\u00eddicas e pol\u00edticas do dia no seu email<\/a><\/p>\n<h2>Reuni\u00e3o com distribuidoras de combust\u00edveis<\/h2>\n<p>O vice-presidente, Geraldo Alckmin (PSB), os ministros Rui Costa (Casa Civil), Wellington C\u00e9sar (Justi\u00e7a), Alexandre Silveira (Minas e Energia), al\u00e9m do secret\u00e1rio executivo da Fazenda, Dario Durigan, se reunir\u00e3o na tarde desta quinta com representantes das maiores distribuidoras privadas de combust\u00edveis \u2014 respons\u00e1veis por cerca de 70% do mercado privado no Brasil \u2014 para cobrar que as medidas anunciadas sejam efetivamente repassadas ao consumidor final.<\/p>\n<p>Tamb\u00e9m ser\u00e3o convidados para a reuni\u00e3o representantes da Senacon, \u00f3rg\u00e3o do Minist\u00e9rio da Justi\u00e7a, de modo a refor\u00e7ar o acompanhamento institucional sobre a chegada desse al\u00edvio aos consumidores.<\/p>","protected":false},"excerpt":{"rendered":"<p>O governo Luiz In\u00e1cio Lula da Silva (PT) anunciou nesta quinta-feira (12\/3) medidas tempor\u00e1rias para reduzir o impacto da oscila\u00e7\u00e3o do pre\u00e7o internacional do petr\u00f3leo, causada pela guerra no Oriente M\u00e9dio entre Estados Unidos, Israel e Ir\u00e3, sobre o diesel no Brasil. Ser\u00e1 zerada a al\u00edquota de PIS e Cofins sobre a importa\u00e7\u00e3o e comercializa\u00e7\u00e3o [&hellip;]<\/p>\n","protected":false},"author":0,"featured_media":0,"comment_status":"open","ping_status":"open","sticky":false,"template":"","format":"standard","meta":[],"categories":[1],"tags":[],"_links":{"self":[{"href":"https:\/\/aprimora.site\/carvalhoalmeidaadvogados\/wp-json\/wp\/v2\/posts\/21242"}],"collection":[{"href":"https:\/\/aprimora.site\/carvalhoalmeidaadvogados\/wp-json\/wp\/v2\/posts"}],"about":[{"href":"https:\/\/aprimora.site\/carvalhoalmeidaadvogados\/wp-json\/wp\/v2\/types\/post"}],"replies":[{"embeddable":true,"href":"https:\/\/aprimora.site\/carvalhoalmeidaadvogados\/wp-json\/wp\/v2\/comments?post=21242"}],"version-history":[{"count":0,"href":"https:\/\/aprimora.site\/carvalhoalmeidaadvogados\/wp-json\/wp\/v2\/posts\/21242\/revisions"}],"wp:attachment":[{"href":"https:\/\/aprimora.site\/carvalhoalmeidaadvogados\/wp-json\/wp\/v2\/media?parent=21242"}],"wp:term":[{"taxonomy":"category","embeddable":true,"href":"https:\/\/aprimora.site\/carvalhoalmeidaadvogados\/wp-json\/wp\/v2\/categories?post=21242"},{"taxonomy":"post_tag","embeddable":true,"href":"https:\/\/aprimora.site\/carvalhoalmeidaadvogados\/wp-json\/wp\/v2\/tags?post=21242"}],"curies":[{"name":"wp","href":"https:\/\/api.w.org\/{rel}","templated":true}]}}