{"id":21241,"date":"2026-03-12T13:06:48","date_gmt":"2026-03-12T16:06:48","guid":{"rendered":"https:\/\/aprimora.site\/carvalhoalmeidaadvogados\/2026\/03\/12\/ipca-inflacao-sobe-070-em-fevereiro-e-acumula-alta-de-381-em-12-meses\/"},"modified":"2026-03-12T13:06:48","modified_gmt":"2026-03-12T16:06:48","slug":"ipca-inflacao-sobe-070-em-fevereiro-e-acumula-alta-de-381-em-12-meses","status":"publish","type":"post","link":"https:\/\/aprimora.site\/carvalhoalmeidaadvogados\/2026\/03\/12\/ipca-inflacao-sobe-070-em-fevereiro-e-acumula-alta-de-381-em-12-meses\/","title":{"rendered":"IPCA: infla\u00e7\u00e3o sobe 0,70% em fevereiro e acumula alta de 3,81% em 12 meses"},"content":{"rendered":"<p>O Instituto Brasileiro de Geografia e Estat\u00edstica (<a href=\"https:\/\/www.jota.info\/tudo-sobre\/IBGE\">IBGE<\/a>) informou nesta quarta-feira (12\/3) que o \u00cdndice de Pre\u00e7os ao Consumidor (<a href=\"https:\/\/www.jota.info\/tudo-sobre\/IPCA\">IPCA<\/a>) ficou em 0,70% no m\u00eas de fevereiro, levemente acima das proje\u00e7\u00f5es do mercado financeiro, que esperava um avan\u00e7o de 0,63% do \u00edndice. O acumulado de 12 meses teve alta de 3,81%, abaixo do m\u00eas anterior, que marcou 4,4%. Com isso, o \u00edndice segue acima da meta de 3% perseguida pelo Banco Central (<a href=\"https:\/\/www.jota.info\/tudo-sobre\/BANCO%20CENTRAL\">BC<\/a>), mas abaixo do teto de 4,5% de infla\u00e7\u00e3o acumulada.<\/p>\n<p>A infla\u00e7\u00e3o de fevereiro foi puxada pelo grupo Educa\u00e7\u00e3o, que teve o maior aumento de pre\u00e7os, com avan\u00e7o de 5,21% no \u00faltimo m\u00eas (o que representa um impacto de 0,31 pontos percentuais no resultado total de fevereiro). Ainda de acordo com o IBGE, dentre os nove grupos avaliados pelo \u00edndice, Transportes acumulou a segunda maior alta, com avan\u00e7o de 0,74% em fevereiro (um impacto de 0,15 pontos percentuais no resultado do m\u00eas). Juntos, Transportes e Educa\u00e7\u00e3o representaram aproximadamente 66% do resultado do m\u00eas.<\/p>\n<p class=\"jota-cta\"><a href=\"https:\/\/www.jota.info\/produtos\/poder?utm_source=cta-site&amp;utm_medium=site&amp;utm_campaign=campanha_poder_q2&amp;utm_id=cta_texto_poder_q2_2023&amp;utm_term=cta_texto_poder&amp;utm_term=cta_texto_poder_meio_materias\"><span>Conhe\u00e7a o <span class=\"jota\">JOTA<\/span> PRO Poder, plataforma de monitoramento que oferece transpar\u00eancia e previsibilidade para empresas<\/span><\/a><\/p>\n<p>Sozinho, o grupo Educa\u00e7\u00e3o respondeu por cerca de 44% do \u00edndice. A maior contribui\u00e7\u00e3o veio dos cursos regulares (6,20%), por conta dos reajustes de in\u00edcio do ano letivo. As maiores varia\u00e7\u00f5es foram nos subitens ensino m\u00e9dio (8,19%), ensino fundamental (8,11%) e pr\u00e9-escola (7,48%). O gerente do IPCA, Fernando Gon\u00e7alves, explicou que o aumento \u00e9 comum no in\u00edcio do ano, e que \u201csem esse efeito, o IPCA de fevereiro teria ficado em torno de 0,41%\u201d.<\/p>\n<p>A alta de fevereiro \u00e9 a maior desde o mesmo m\u00eas em 2025, mas \u00e9 a menor para um m\u00eas de fevereiro desde 2020, quando avan\u00e7ou 0,25%. Gon\u00e7alves esclareceu que \u201cem fevereiro do ano passado, no IPCA de 1,31% houve uma press\u00e3o do grupo habita\u00e7\u00e3o, em especial na energia el\u00e9trica, em fun\u00e7\u00e3o do fim do B\u00f4nus de Itaipu, o que n\u00e3o ocorreu no ano de 2026\u201d.<\/p>\n<div>\n<div class=\"mc-column content-text active-extra-styles \">\n<p class=\" content-text__container \">Nos demais grupos pesquisados, as varia\u00e7\u00f5es ficaram entre 0,13% em Artigos de resid\u00eancia e 0,59% em Sa\u00fade e cuidados pessoais. Confira o resultado de fevereiro por grupos:<\/p>\n<p><strong>Alimenta\u00e7\u00e3o e bebida:<\/strong>\u00a00,26%;<br \/>\n<strong>Habita\u00e7\u00e3o:\u00a0<\/strong>0,30%;<br \/>\n<strong>Artigos de resid\u00eancia:<\/strong>\u00a00,13%;<br \/>\n<strong>Vestu\u00e1rio:\u00a0<\/strong>0,16%;<br \/>\n<strong>Transportes:\u00a0<\/strong>0,74%;<br \/>\n<strong>Sa\u00fade e cuidados pessoais:\u00a0<\/strong>0,59%;<br \/>\n<strong>Despesas pessoais:<\/strong>\u00a00,33%;<br \/>\n<strong>Educa\u00e7\u00e3o:\u00a0<\/strong>5,212%;<br \/>\n<strong>Comunica\u00e7\u00e3o:<\/strong>\u00a00,15%.<\/p>\n<p class=\" content-text__container \">Apesar de ficar acima da mediana das proje\u00e7\u00f5es estabelecidas por 35 institui\u00e7\u00f5es financeiras, ouvidas pelo Valor Data, de 0,63%, a varia\u00e7\u00e3o ficou dentro do intervalo das proje\u00e7\u00f5es, que ia de alta de alta de 0,42% a 0,82%.<\/p>\n<\/div>\n<\/div>","protected":false},"excerpt":{"rendered":"<p>O Instituto Brasileiro de Geografia e Estat\u00edstica (IBGE) informou nesta quarta-feira (12\/3) que o \u00cdndice de Pre\u00e7os ao Consumidor (IPCA) ficou em 0,70% no m\u00eas de fevereiro, levemente acima das proje\u00e7\u00f5es do mercado financeiro, que esperava um avan\u00e7o de 0,63% do \u00edndice. O acumulado de 12 meses teve alta de 3,81%, abaixo do m\u00eas anterior, [&hellip;]<\/p>\n","protected":false},"author":0,"featured_media":0,"comment_status":"open","ping_status":"open","sticky":false,"template":"","format":"standard","meta":[],"categories":[1],"tags":[],"_links":{"self":[{"href":"https:\/\/aprimora.site\/carvalhoalmeidaadvogados\/wp-json\/wp\/v2\/posts\/21241"}],"collection":[{"href":"https:\/\/aprimora.site\/carvalhoalmeidaadvogados\/wp-json\/wp\/v2\/posts"}],"about":[{"href":"https:\/\/aprimora.site\/carvalhoalmeidaadvogados\/wp-json\/wp\/v2\/types\/post"}],"replies":[{"embeddable":true,"href":"https:\/\/aprimora.site\/carvalhoalmeidaadvogados\/wp-json\/wp\/v2\/comments?post=21241"}],"version-history":[{"count":0,"href":"https:\/\/aprimora.site\/carvalhoalmeidaadvogados\/wp-json\/wp\/v2\/posts\/21241\/revisions"}],"wp:attachment":[{"href":"https:\/\/aprimora.site\/carvalhoalmeidaadvogados\/wp-json\/wp\/v2\/media?parent=21241"}],"wp:term":[{"taxonomy":"category","embeddable":true,"href":"https:\/\/aprimora.site\/carvalhoalmeidaadvogados\/wp-json\/wp\/v2\/categories?post=21241"},{"taxonomy":"post_tag","embeddable":true,"href":"https:\/\/aprimora.site\/carvalhoalmeidaadvogados\/wp-json\/wp\/v2\/tags?post=21241"}],"curies":[{"name":"wp","href":"https:\/\/api.w.org\/{rel}","templated":true}]}}