{"id":21237,"date":"2026-03-12T11:59:41","date_gmt":"2026-03-12T14:59:41","guid":{"rendered":"https:\/\/aprimora.site\/carvalhoalmeidaadvogados\/2026\/03\/12\/zanin-rejeita-pedido-para-abrir-cpi-do-master-na-camara-dos-deputados\/"},"modified":"2026-03-12T11:59:41","modified_gmt":"2026-03-12T14:59:41","slug":"zanin-rejeita-pedido-para-abrir-cpi-do-master-na-camara-dos-deputados","status":"publish","type":"post","link":"https:\/\/aprimora.site\/carvalhoalmeidaadvogados\/2026\/03\/12\/zanin-rejeita-pedido-para-abrir-cpi-do-master-na-camara-dos-deputados\/","title":{"rendered":"Zanin rejeita pedido para abrir CPI do Master na C\u00e2mara dos Deputados"},"content":{"rendered":"<p>O ministro <a href=\"https:\/\/www.jota.info\/tudo-sobre\/cristiano-zanin\">Cristiano Zanin<\/a>, do Supremo Tribunal Federal (<a href=\"https:\/\/www.jota.info\/tudo-sobre\/STF\">STF<\/a>), rejeitou nesta quinta-feira (12\/3) o pedido para que a Corte determinasse a instala\u00e7\u00e3o da CPI do <a href=\"https:\/\/www.jota.info\/tudo-sobre\/banco-master\">Banco Master<\/a> na C\u00e2mara dos Deputados. A decis\u00e3o foi tomada por quest\u00f5es processuais. Conforme o magistrado, a a\u00e7\u00e3o n\u00e3o trouxe elementos suficientes para a an\u00e1lise da demanda.<\/p>\n<p>Segundo Zanin, o pedido n\u00e3o comprovou a alega\u00e7\u00e3o de que haveria \u201comiss\u00e3o\u201d do presidente da C\u00e2mara, <a href=\"http:\/\/www.jota.info\/tudo-sobre\/hugo-motta\">Hugo Motta<\/a> (Republicanos-PB), em n\u00e3o instalar a CPI. O ministro citou a jurisprud\u00eancia do STF de que os mandados de seguran\u00e7a devem ser impetrados j\u00e1 acompanhados de provas.<\/p>\n<p class=\"jota-cta\"><a href=\"https:\/\/www.jota.info\/produtos\/poder?utm_source=cta-site&amp;utm_medium=site&amp;utm_campaign=campanha_poder_q2&amp;utm_id=cta_texto_poder_q2_2023&amp;utm_term=cta_texto_poder&amp;utm_term=cta_texto_poder_meio_materias\">Conhe\u00e7a o <span class=\"jota\">JOTA<\/span> PRO Poder, plataforma de monitoramento que oferece transpar\u00eancia e previsibilidade para empresas<\/a><\/p>\n<p>Zanin ressaltou, contudo, que sua decis\u00e3o n\u00e3o afasta o direito do Legislativo instaurar a CPI do Master. O ministro manda avisar Motta sobre sua decis\u00e3o, para que ele tome \u201cprovid\u00eancias\u201d que entender cab\u00edveis sobre o pedido de abertura da CPI.<\/p>\n<p>O pedido de abertura da Comiss\u00e3o Parlamentar de Inqu\u00e9rito do Master foi feito ao STF pelo deputado Rodrigo Rollemberg (PSB-DF). Ele relatou que o objetivo da cria\u00e7\u00e3o da comiss\u00e3o \u00e9 investigar as fraudes ocorridas na rela\u00e7\u00e3o entre o Banco Master e o BRB, o banco estatal do Distrito Federal.<\/p>\n<p class=\"jota-cta\"><a href=\"https:\/\/conteudo.jota.info\/marketing-lp-newsletter-ultimas-noticias?utm_source=jota&amp;utm_medium=lp&amp;utm_campaign=23-09-2024-jota-lp-eleicoes-2024-eleicoes-2024-none-audiencias-none&amp;utm_content=eleicoes-2024&amp;utm_term=none\">Assine gratuitamente a newsletter \u00daltimas Not\u00edcias do <span class=\"jota\">JOTA<\/span> e receba as principais not\u00edcias jur\u00eddicas e pol\u00edticas do dia no seu email<\/a><\/p>","protected":false},"excerpt":{"rendered":"<p>O ministro Cristiano Zanin, do Supremo Tribunal Federal (STF), rejeitou nesta quinta-feira (12\/3) o pedido para que a Corte determinasse a instala\u00e7\u00e3o da CPI do Banco Master na C\u00e2mara dos Deputados. A decis\u00e3o foi tomada por quest\u00f5es processuais. Conforme o magistrado, a a\u00e7\u00e3o n\u00e3o trouxe elementos suficientes para a an\u00e1lise da demanda. Segundo Zanin, o [&hellip;]<\/p>\n","protected":false},"author":0,"featured_media":0,"comment_status":"open","ping_status":"open","sticky":false,"template":"","format":"standard","meta":[],"categories":[1],"tags":[],"_links":{"self":[{"href":"https:\/\/aprimora.site\/carvalhoalmeidaadvogados\/wp-json\/wp\/v2\/posts\/21237"}],"collection":[{"href":"https:\/\/aprimora.site\/carvalhoalmeidaadvogados\/wp-json\/wp\/v2\/posts"}],"about":[{"href":"https:\/\/aprimora.site\/carvalhoalmeidaadvogados\/wp-json\/wp\/v2\/types\/post"}],"replies":[{"embeddable":true,"href":"https:\/\/aprimora.site\/carvalhoalmeidaadvogados\/wp-json\/wp\/v2\/comments?post=21237"}],"version-history":[{"count":0,"href":"https:\/\/aprimora.site\/carvalhoalmeidaadvogados\/wp-json\/wp\/v2\/posts\/21237\/revisions"}],"wp:attachment":[{"href":"https:\/\/aprimora.site\/carvalhoalmeidaadvogados\/wp-json\/wp\/v2\/media?parent=21237"}],"wp:term":[{"taxonomy":"category","embeddable":true,"href":"https:\/\/aprimora.site\/carvalhoalmeidaadvogados\/wp-json\/wp\/v2\/categories?post=21237"},{"taxonomy":"post_tag","embeddable":true,"href":"https:\/\/aprimora.site\/carvalhoalmeidaadvogados\/wp-json\/wp\/v2\/tags?post=21237"}],"curies":[{"name":"wp","href":"https:\/\/api.w.org\/{rel}","templated":true}]}}