{"id":21233,"date":"2026-03-12T09:58:32","date_gmt":"2026-03-12T12:58:32","guid":{"rendered":"https:\/\/aprimora.site\/carvalhoalmeidaadvogados\/2026\/03\/12\/partilha-de-bem-financiado-e-alimentos-entre-ex-conjuges-estao-na-nova-pesquisa-pronta\/"},"modified":"2026-03-12T09:58:32","modified_gmt":"2026-03-12T12:58:32","slug":"partilha-de-bem-financiado-e-alimentos-entre-ex-conjuges-estao-na-nova-pesquisa-pronta","status":"publish","type":"post","link":"https:\/\/aprimora.site\/carvalhoalmeidaadvogados\/2026\/03\/12\/partilha-de-bem-financiado-e-alimentos-entre-ex-conjuges-estao-na-nova-pesquisa-pronta\/","title":{"rendered":"Partilha de bem financiado e alimentos entre ex-c\u00f4njuges est\u00e3o na nova Pesquisa Pronta"},"content":{"rendered":"<p>Partilha de bem financiado e alimentos entre ex-c\u00f4njuges est\u00e3o na nova Pesquisa Pronta<\/p>","protected":false},"excerpt":{"rendered":"<p>Partilha de bem financiado e alimentos entre ex-c\u00f4njuges est\u00e3o na nova Pesquisa Pronta<\/p>\n","protected":false},"author":0,"featured_media":0,"comment_status":"open","ping_status":"open","sticky":false,"template":"","format":"standard","meta":[],"categories":[1],"tags":[],"_links":{"self":[{"href":"https:\/\/aprimora.site\/carvalhoalmeidaadvogados\/wp-json\/wp\/v2\/posts\/21233"}],"collection":[{"href":"https:\/\/aprimora.site\/carvalhoalmeidaadvogados\/wp-json\/wp\/v2\/posts"}],"about":[{"href":"https:\/\/aprimora.site\/carvalhoalmeidaadvogados\/wp-json\/wp\/v2\/types\/post"}],"replies":[{"embeddable":true,"href":"https:\/\/aprimora.site\/carvalhoalmeidaadvogados\/wp-json\/wp\/v2\/comments?post=21233"}],"version-history":[{"count":0,"href":"https:\/\/aprimora.site\/carvalhoalmeidaadvogados\/wp-json\/wp\/v2\/posts\/21233\/revisions"}],"wp:attachment":[{"href":"https:\/\/aprimora.site\/carvalhoalmeidaadvogados\/wp-json\/wp\/v2\/media?parent=21233"}],"wp:term":[{"taxonomy":"category","embeddable":true,"href":"https:\/\/aprimora.site\/carvalhoalmeidaadvogados\/wp-json\/wp\/v2\/categories?post=21233"},{"taxonomy":"post_tag","embeddable":true,"href":"https:\/\/aprimora.site\/carvalhoalmeidaadvogados\/wp-json\/wp\/v2\/tags?post=21233"}],"curies":[{"name":"wp","href":"https:\/\/api.w.org\/{rel}","templated":true}]}}