{"id":21232,"date":"2026-03-12T09:58:31","date_gmt":"2026-03-12T12:58:31","guid":{"rendered":"https:\/\/aprimora.site\/carvalhoalmeidaadvogados\/2026\/03\/12\/jota-principal-governo-lula-busca-retomada-na-comunicacao-e-ve-sinais-contraditorios-dos-eua\/"},"modified":"2026-03-12T09:58:31","modified_gmt":"2026-03-12T12:58:31","slug":"jota-principal-governo-lula-busca-retomada-na-comunicacao-e-ve-sinais-contraditorios-dos-eua","status":"publish","type":"post","link":"https:\/\/aprimora.site\/carvalhoalmeidaadvogados\/2026\/03\/12\/jota-principal-governo-lula-busca-retomada-na-comunicacao-e-ve-sinais-contraditorios-dos-eua\/","title":{"rendered":"JOTA Principal: Governo Lula busca retomada na comunica\u00e7\u00e3o e v\u00ea sinais contradit\u00f3rios dos EUA"},"content":{"rendered":"<div>Esta \u00e9 a vers\u00e3o online da newsletter <strong><span class=\"jota\">JOTA<\/span> Principal.<\/strong> Quer receber as pr\u00f3ximas edi\u00e7\u00f5es e acompanhar os principais temas do momento? <a href=\"https:\/\/conteudo.jota.info\/marketing-lp-newsletter-jota-principal-lancamento\" target=\"_blank\" rel=\"noopener\">Cadastre-se gratuitamente!<\/a><\/div>\n<p>Faltam poucas semanas para um dos principais prazos eleitorais, o da desincompatibiliza\u00e7\u00e3o, que definir\u00e1 quem estar\u00e1 de fato na disputa de outubro.<\/p>\n<p>Ser\u00e1 um bom term\u00f4metro para os efeitos do caso Master nas elei\u00e7\u00f5es, como explica Marianna Holanda na nota 5. O governador do Distrito Federal, Ibaneis Rocha, poder\u00e1 deixar o cargo para concorrer ao Senado, como j\u00e1 planejava, ou desistir da elei\u00e7\u00e3o e manter-se no cargo para manter, tamb\u00e9m, a prerrogativa de foro.<\/p>\n<p>Na disputa presidencial, Lula e o Planalto buscam retomar o caminho na comunica\u00e7\u00e3o e interpretar o que consideram sinais contradit\u00f3rios dos Estados Unidos, sob o temor de que Donald Trump e aliados tentem favorecer Fl\u00e1vio Bolsonaro.<\/p>\n<p>Do outro lado, para al\u00e9m dessa \u201cajuda externa\u201d, o time do filho do ex-presidente busca construir sua equipe para consolidar em grupos empresariais a imagem de que \u00e9 mais moderado que o pai. Falamos sobre isso na nota 3.<\/p>\n<p>Boa leitura.<\/p>\n<h3>1. O ponto central: \ud83d\udc31 Gatinhos n\u00e3o s\u00e3o o bastante<\/h3>\n<p><strong>A \u00faltima rodada de pesquisas eleitorais veio como um soco no est\u00f4mago do governo Lula.<\/strong><\/p>\n<p>J\u00e1 se esperava uma ascens\u00e3o de Fl\u00e1vio Bolsonaro, mas n\u00e3o com a rapidez e a intensidade vistas.<br \/>\nA sensa\u00e7\u00e3o para quem frequenta o Pal\u00e1cio do Planalto \u00e9 de que o governo est\u00e1 desnorteado, Fabio MuraKawa analisa no <strong><span class=\"jota\">JOTA<\/span> PRO Poder.<\/strong><\/p>\n<p><strong>Por que importa:<\/strong> O contexto n\u00e3o ajuda, com o pa\u00eds polarizado e o esc\u00e2ndalo do Master no topo da agenda, mas o problema tamb\u00e9m passa pela incapacidade do Planalto de se comunicar nesse ambiente mais complexo e do presidente de se posicionar em meio ao crescimento de Fl\u00e1vio.<\/p>\n<p>Al\u00e7ado \u00e0 Secom no fim de 2024, ap\u00f3s as cr\u00edticas de Lula a Paulo Pimenta, Sid\u00f4nio Palmeira logo de largada deu mais agilidade \u00e0 secretaria e a profissionalizou.<br \/>\nSob seu comando, a Secom passou a funcionar na temperatura do notici\u00e1rio e demonstrou capacidade de inverter situa\u00e7\u00f5es desfavor\u00e1veis.<br \/>\nOutra marca positiva foi a renova\u00e7\u00e3o na linguagem de redes, como no caso dos bem-sucedidos v\u00eddeos de gatinhos, criados para explicar a taxa\u00e7\u00e3o do IOF assim como para defender o projeto de lei de isen\u00e7\u00e3o do IR para quem recebe at\u00e9 R$ 5.000.<br \/>\nTamb\u00e9m funcionaram muito bem as pe\u00e7as publicit\u00e1rias e falas do presidente em defesa da soberania e o slogan, propagado com a ajuda da milit\u00e2ncia, de \u201cCongresso inimigo do povo\u201d.<\/p>\n<p><strong>Sim, mas\u2026<\/strong> N\u00e3o se v\u00ea essa vitalidade desde que a mar\u00e9 virou contra Lula de novo, em outubro passado, com a opera\u00e7\u00e3o policial mais letal da hist\u00f3ria do Rio.<\/p>\n<p>De l\u00e1 para c\u00e1, houve outros revezes, como a quebra do sigilo de Lulinha, na CPMI do INSS, e ministros do Supremo dragados para o centro do esc\u00e2ndalo do Master.<br \/>\nO Planalto e a milit\u00e2ncia petista como um todo t\u00eam sido at\u00e9 o momento incapazes de lidar com ambos os casos.<\/p>\n<p><strong>O mesmo ocorre em rela\u00e7\u00e3o ao crescimento de Fl\u00e1vio nas pesquisas.<\/strong><\/p>\n<p>Desde dezembro, o senador vem navegando calmamente abaixo do radar de qualquer notici\u00e1rio negativo.<br \/>\nPresidente, Secom e PT \u2014 cada um com seu respectivo quadrado \u2014 praticamente nada fizeram at\u00e9 o momento para explorar seus muitos telhados de vidro ou fazer um combate que equilibre o jogo.<br \/>\nH\u00e1 no Planalto quem defenda o papel institucional de Lula, que n\u00e3o pode se portar com a agressividade de um candidato antes do in\u00edcio efetivo do per\u00edodo eleitoral.<br \/>\nPor outro lado, experientes conselheiros do presidente admitem que o campo lulista baixou demais a guarda \u2014 n\u00e3o s\u00f3 em rela\u00e7\u00e3o a Fl\u00e1vio, mas tamb\u00e9m no trato com o Congresso e na rea\u00e7\u00e3o aos esc\u00e2ndalos do Master e do INSS.<\/p>\n<p><strong>\ud83e\udd4a Essa postura mais passiva contribui para manter o governo nas cordas \u2014 a sete meses do primeiro turno.<\/strong><\/p>\n<p><strong>\u23e9 Pela frente: <\/strong>Mesmo na era digital, v\u00eddeos com gatinhos fofos e slogans de efeito n\u00e3o bastam para reeleger o presidente.<\/p>\n<p>Lula e seu governo precisam voltar a se comunicar.<\/p>\n<p><strong>UMA MENSAGEM DO MOVIMENTO BRASIL PELA INOVA\u00c7\u00c3O<\/strong><\/p>\n<h3>17 anos perdidos na burocracia do INPI<\/h3>\n<p><span>Fotomontagem: Gabriella Sales e Ca Aulucci\/<span class=\"jota\">JOTA<\/span><\/span><\/p>\n<p>Casos reais mostram o pre\u00e7o da lentid\u00e3o do Estado quando o assunto \u00e9 o registro de patentes. Foram quase 17 anos para a concess\u00e3o da patente para a mol\u00e9cula de polilaminina, com potencial para tratar les\u00e3o medular.<\/p>\n<p>A descoberta da pesquisadora da UFRJ (Universidade Federal do Rio de Janeiro) Tatiana Sampaio sofreu com o atraso do INPI (Instituto Nacional da Propriedade Industrial). Entre o dep\u00f3sito (2008) e a concess\u00e3o (2025), a pesquisa avan\u00e7ou, mas investimentos, testes e parcerias foram adiados ou reduzidos pela falta de seguran\u00e7a jur\u00eddica.<\/p>\n<p>Isso mostra que: quando o Estado atrasa, a janela de exclusividade diminui, o risco sobe e o investidor prioriza outros projetos. A expectativa \u00e9 de que o PL 5810\/2025 corrija essa distor\u00e7\u00e3o ao ajustar o prazo de patentes quando a demora \u00e9 estatal. Por isso, o\u00a0<a href=\"https:\/\/brasilpelainovacao.com.br\/\">Movimento Brasil pela Inova\u00e7\u00e3o<\/a>\u00a0acredita que defender o PL da Inova\u00e7\u00e3o \u00e9 proteger a pesquisa, empregos qualificados e a tecnologia de ponta.<\/p>\n<h3>2. Sinais contradit\u00f3rios<\/h3>\n<p><span>Trump concede entrevista \/ Cr\u00e9dito: Andrew Harnik\/Getty Images<\/span><\/p>\n<p><strong>Duas movimenta\u00e7\u00f5es do governo dos Estados Unidos nos \u00faltimos dias causaram inc\u00f4modo no governo brasileiro, que busca compreender os sinais considerados contradit\u00f3rios,<\/strong> Vivian Oswald e Fl\u00e1via Maia escrevem no <strong><span class=\"jota\">JOTA<\/span> PRO Poder.<\/strong><\/p>\n<p>Um deles \u00e9 a visita de Darren Beattie, assessor de Donald Trump, ao ex-presidente Jair Bolsonaro, que foi autorizada pelo ministro Alexandre Moraes<br \/>\nO outro s\u00e3o os rumores de que os Estados Unidos poderiam finalmente classificar o PCC e o Comando Vermelho como grupos terroristas \u2014 antiga demanda da direita brasileira aliada ao movimento MAGA.<\/p>\n<p><strong>Por que importa:<\/strong> H\u00e1 meses o Planalto v\u00ea risco de interfer\u00eancia americana no processo eleitoral.<\/p>\n<p>A visita de Beattie \u00e9 vista por observadores como um fator que pode comprometer a aproxima\u00e7\u00e3o de Lula com Trump.<br \/>\nUma leitura poss\u00edvel \u00e9 a de que o governo americano agora perceba que a direita se rearranjou e que Fl\u00e1vio seria um candidato vi\u00e1vel \u2014 esta, ali\u00e1s, \u00e9 uma hip\u00f3tese que o Planalto nunca descartou.<br \/>\nNo governo, h\u00e1 quem diga que ainda \u00e9 cedo para se chegar a uma conclus\u00e3o definitiva.<br \/>\n\u201c\u00c9 a MAGA tentando armar confus\u00e3o e tentando pautar\u201d, disse um interlocutor, que lembra que esta tem sido a linha de Beattie h\u00e1 dois anos.<br \/>\nNo Planalto, mant\u00e9m-se a convic\u00e7\u00e3o de que a din\u00e2mica na rela\u00e7\u00e3o com os Estados Unidos \u00e9 definida de cima para baixo. \u201cManda um s\u00f3\u201d, definiu uma fonte da diplomacia.<br \/>\nH\u00e1 ainda uma corrente que entende que os gestos recentes fazem parte de uma nova estrat\u00e9gia de intimida\u00e7\u00e3o, uma amea\u00e7a ret\u00f3rica para alavancar o poder de barganha e maximizar ganhos nas negocia\u00e7\u00f5es.<\/p>\n<p><strong>\u23e9 Pela frente: <\/strong>O governo enfrenta agora o desafio do que pode ser uma mudan\u00e7a de chave na rela\u00e7\u00e3o.<\/p>\n<p>A ordem \u00e9 manter o low profile, evitar a escalada ret\u00f3rica e provoca\u00e7\u00f5es, enquanto ainda se tenta encontrar uma data nas duas agendas para a reuni\u00e3o entre Lula e Trump.<\/p>\n<h3>3. O apoio da Faria Lima<\/h3>\n<p><span>O economista-chefe do Ita\u00fa, M\u00e1rio Mesquita \/ Cr\u00e9dito: Divulga\u00e7\u00e3o<\/span><\/p>\n<p><strong>O economista-chefe do Ita\u00fa, M\u00e1rio Mesquita, entrou para a bolsa de apostas para ser ministro da Fazenda de um eventual governo Fl\u00e1vio Bolsonaro,<\/strong> Marianna Holanda escreve no <strong><span class=\"jota\">JOTA<\/span> PRO Poder.<\/strong><\/p>\n<p>Integrantes da pr\u00e9-campanha do senador ao Pal\u00e1cio do Planalto disseram v\u00ea-lo como um \u00f3timo nome para o posto.<br \/>\nEle deixar\u00e1 o cargo no Ita\u00fa no fim do pr\u00f3ximo m\u00eas por determina\u00e7\u00e3o estatut\u00e1ria, j\u00e1 que completou 60 anos de idade e n\u00e3o pode mais ocupar cargo de diretor.<br \/>\nProcurado, Mesquita n\u00e3o quis comentar.<\/p>\n<p><strong>\ud83e\uddee Panorama: <\/strong>Fl\u00e1vio j\u00e1 disse que anunciar\u00e1 ainda na campanha um nome para a Fazenda e busca, com isso, fazer um gesto para o mercado financeiro, de uma pol\u00edtica liberal e de conten\u00e7\u00e3o de gastos.<\/p>\n<p>Seus aliados querem um nome de peso para garantir apoio total da Faria Lima.<br \/>\nO an\u00fancio das diretrizes do seu programa de governo, marcado para o dia 30, trar\u00e1 temas nessa linha e ser\u00e1 uma esp\u00e9cie de carta de compromisso para buscar atrair nomes de peso para sua campanha.<br \/>\nMesquita se junta ao rol de cotados, dentre eles: Roberto Campos Neto, Mansueto Almeida, Gustavo Montezano e Adolfo Sachsida.<\/p>\n<h3>4. \u2018Foro \u00edntimo\u2019<\/h3>\n<p><span>Os ministros Andr\u00e9 Mendon\u00e7a, Alexandre de Moraes e Dias Toffoli \/ Cr\u00e9dito: Antonio Augusto\/STF<\/span><\/p>\n<p><strong>Sorteado como relator, Dias Toffoli se declarou suspeito para avaliar o pedido de abertura da CPI do Master e tamb\u00e9m n\u00e3o participar\u00e1 do julgamento sobre a pris\u00e3o de Daniel Vorcaro,<\/strong> Fl\u00e1via Maia e Lucas Mendes registram no <strong><span class=\"jota\">JOTA<\/span> PRO Poder.<\/strong><\/p>\n<p>O ministro alegou \u201cforo \u00edntimo\u201d em ambos os casos.<br \/>\nO pedido foi redistribu\u00eddo para Cristiano Zanin.<\/p>\n<p><strong>\ud83d\udd2d Panorama: <\/strong>O pedido de abertura de CPI do Master foi feito ao STF pelo deputado Rodrigo Rollemberg (PSB-DF).<\/p>\n<p>Ele relatou que o objetivo da cria\u00e7\u00e3o da comiss\u00e3o \u00e9 investigar as fraudes ocorridas na rela\u00e7\u00e3o entre o Master e o BRB.<br \/>\nSegundo o parlamentar, h\u00e1 \u201comiss\u00e3o inconstitucional\u201d de Hugo Motta ao n\u00e3o instalar a CPI.<\/p>\n<p><strong>\u23e9 Pela frente: <\/strong>N\u00e3o h\u00e1 prazo para Zanin decidir sobre a CPI, e o referendo da decis\u00e3o de Andr\u00e9 Mendon\u00e7a pela pris\u00e3o de Vorcaro come\u00e7a na sexta (13), no plen\u00e1rio virtual da 2\u00aa Turma.<\/p>\n<h3>5. Term\u00f4metro<\/h3>\n<p><span>O governador Ibaneis Rocha \/ Cr\u00e9dito: Marcelo Camargo\/Ag\u00eancia Brasil<\/span><\/p>\n<p><strong>O primeiro efeito pr\u00e1tico da crise do Master na pol\u00edtica poder\u00e1 ser medido em tr\u00eas semanas, quando o governador do Distrito Federal, Ibaneis Rocha (MDB), deixar\u00e1 o cargo para disputar uma vaga no Senado,<\/strong> Marianna Holanda analisa no <strong><span class=\"jota\">JOTA<\/span> PRO Poder.<\/strong><\/p>\n<p>Com o avan\u00e7o das investiga\u00e7\u00f5es envolvendo a tentativa de compra do Master pelo BRB, ele passou a enfrentar isolamento pol\u00edtico.<br \/>\nAgora \u00e9 alvo de pedidos de CPI na C\u00e2mara Legislativa, do PSOL e do PL.<br \/>\nAdvers\u00e1rios e correligion\u00e1rios passaram a questionar seu futuro pol\u00edtico \u2014 se ele se lan\u00e7ar, ficar\u00e1 sem foro privilegiado nos pr\u00f3ximos meses e corre risco de n\u00e3o se eleger.<\/p>\n<p><strong>Ibaneis garantiu, em entrevista ao <span class=\"jota\">JOTA<\/span>, que deixar\u00e1 o cargo no dia 28 e come\u00e7ar\u00e1 sua pr\u00e9-campanha ap\u00f3s uma semana de f\u00e9rias.<\/strong><\/p>\n<p>\u201cO \u00fanico cen\u00e1rio [para n\u00e3o ser candidato ao Senado] seria se tivesse uma doen\u00e7a grave, mas eu tenho sa\u00fade para dar e emprestar.\u201d<\/p>\n<p><strong>\u23e9 Pela frente: <\/strong>Integrantes do MDB agora j\u00e1 veem o cen\u00e1rio como incerto e n\u00e3o sabem medir o quanto o Master pode abalar a candidatura do governador que, at\u00e9 ent\u00e3o, era considerado o mais forte postulante \u00e0 vaga \u2014 atr\u00e1s de Michelle Bolsonaro, franca favorita.<\/p>\n<p>Na avalia\u00e7\u00e3o desses correligion\u00e1rios, depender\u00e1 do que a PF encontrar nas pr\u00f3ximas semanas.<br \/>\nO prazo para a conclus\u00e3o do inqu\u00e9rito se encerra na pr\u00f3xima ter\u00e7a (17), mas a PF deve pedir prorroga\u00e7\u00e3o.<br \/>\nSe surgirem novidades das investiga\u00e7\u00f5es envolvendo o governador, elas podem eximi-lo de crimes ou aumentar as suspeitas.<br \/>\nUma eventual desist\u00eancia seria o primeiro efeito concreto do esc\u00e2ndalo do Master nas elei\u00e7\u00f5es deste ano \u2014 para al\u00e9m de discursos, ret\u00f3ricas e pesquisas.<\/p>\n<h3>6. Adeus, sigilo<\/h3>\n<p><span>Os senadores Hamilton Mour\u00e3o, Fabiano Contarato e Alessandro Vieira em sess\u00e3o da CPI do Crime Organizado \/ Cr\u00e9dito: Geraldo Magela\/Ag\u00eancia Senado<\/span><\/p>\n<p><strong>A CPI do Crime Organizado aprovou ontem (11) requerimentos de quebras de sigilos banc\u00e1rios e telem\u00e1ticos, al\u00e9m de convoca\u00e7\u00f5es de pessoas envolvidas no caso Master,<\/strong> Maria Eduarda Portela registra no <strong><span class=\"jota\">JOTA<\/span> PRO Poder.<\/strong><\/p>\n<p>Entre as quebras de sigilos est\u00e1 a de Luiz Philippi Machado de Moraes Mour\u00e3o, o Sic\u00e1rio, que se matou na carceragem da PF em Belo Horizonte.<br \/>\nEm rela\u00e7\u00e3o ao Banco Central, os senadores aprovaram as convoca\u00e7\u00f5es de Paulo S\u00e9rgio Neves de Souza e Bellini Santana, servidores que atuaram como consultores particulares de Vorcaro no \u00f3rg\u00e3o.<br \/>\nTamb\u00e9m foi aprovado um requerimento que solicita informa\u00e7\u00f5es ao presidente do BC, Gabriel Gal\u00edpolo, sobre os processos administrativos que resultaram no afastamento de Paulo S\u00e9rgio e Bellini Santana.<br \/>\nNo caso da Opera\u00e7\u00e3o Compliance Zero, os senadores aprovaram um pedido de informa\u00e7\u00f5es ao diretor-geral da PF, Andrei Rodrigues, sobre as a\u00e7\u00f5es da corpora\u00e7\u00e3o.<\/p>\n<h3>7. O jogo jogado?<\/h3>\n<p><span>O deputado Paulo Azi \/ Cr\u00e9dito: Bruno Spada\/C\u00e2mara dos Deputados<\/span><\/p>\n<p><strong>O relator da PEC da escala 6\u00d71 na CCJ da C\u00e2mara, deputado Paulo Azi, confirmou a inten\u00e7\u00e3o de apresentar e votar seu relat\u00f3rio na comiss\u00e3o no m\u00eas de abril,<\/strong> Mariah Aquino escreve no <strong><span class=\"jota\">JOTA<\/span> PRO Poder.<\/strong><\/p>\n<p><strong>Por que importa: <\/strong>O parlamentar tamb\u00e9m defendeu a ado\u00e7\u00e3o de um per\u00edodo de transi\u00e7\u00e3o para o novo sistema, al\u00e9m de dois pontos vistos por ele como as maiores diverg\u00eancias no debate.<\/p>\n<p>\u201cO primeiro ponto \u00e9 se \u00e9 conveniente ou n\u00e3o se trazer para o texto constitucional a redu\u00e7\u00e3o da escala de 6\u00d71 para 5\u00d72, ou se no momento que se estabelece uma redu\u00e7\u00e3o de 44 para 40 horas, implicitamente vai se estar tamb\u00e9m considerando a redu\u00e7\u00e3o da escala 6\u00d71 para 5\u00d72\u201d, ponderou.<br \/>\nA segunda maior diverg\u00eancia, de acordo com o deputado, s\u00e3o as poss\u00edveis repercuss\u00f5es da mudan\u00e7a.<br \/>\n\u201cTem setores que ter\u00e3o capacidade de absorver, outros que v\u00e3o transferir o aumento do custo da hora para o pre\u00e7o dos seus produtos e outros setores que, infelizmente, caso n\u00e3o haja nenhuma a\u00e7\u00e3o para que sejam protegidos, simplesmente v\u00e3o procurar mudar a sua atividade\u201d, disse.<br \/>\n\u201cE \u00e9 esse debate que n\u00f3s devemos nos aprofundar para entender se o governo vai estar disposto ou n\u00e3o a colaborar com a constru\u00e7\u00e3o de um texto que possa ter o consenso da maioria da nossa sociedade e encontrar o respaldo quando isso for submetido ao plen\u00e1rio.\u201d<\/p>\n<h3>8. Pauta digital<\/h3>\n<p><span>O secret\u00e1rio de Desenvolvimento Industrial e Inova\u00e7\u00e3o do MDIC, Uallace Lima \/ Cr\u00e9dito: Edilson Rodrigues\/Ag\u00eancia Senado<\/span><\/p>\n<p><strong>O secret\u00e1rio de Desenvolvimento Industrial e Inova\u00e7\u00e3o do MDIC, Uallace Lima, avalia que seria arriscado retomar a estrat\u00e9gia de incorporar o Redata ao PL 2.338\/23,<\/strong> <a href=\"https:\/\/www.jota.info\/executivo\/nao-ha-consenso-sobre-pl-de-ia-e-incluir-redata-nao-e-boa-estrategia-diz-secretario-do-mdic\" target=\"_blank\" rel=\"noopener\">em entrevista a Maria Eduarda Portela e Karol Bandeira, no <\/a><strong><a href=\"https:\/\/www.jota.info\/executivo\/nao-ha-consenso-sobre-pl-de-ia-e-incluir-redata-nao-e-boa-estrategia-diz-secretario-do-mdic\" target=\"_blank\" rel=\"noopener\"><span class=\"jota\">JOTA<\/span>.<\/a><\/strong><\/p>\n<p><strong>Por que importa:<\/strong> O governo busca uma sa\u00edda para recriar o regime especial voltado a data centers ap\u00f3s o fim da medida provis\u00f3ria, que caducou sem que o projeto criado para substitu\u00ed-la fosse votado no Senado.<\/p>\n<p>A estrat\u00e9gia de retornar o tema ao projeto que cria o Marco Legal de IA voltou a ser considerada, mas enfrenta riscos pol\u00edticos.<br \/>\n\u201cA Casa Civil est\u00e1 avaliando juridicamente como encaminhar o Redata\u201d, disse Lima.<br \/>\n\u201cO governo est\u00e1 trabalhando para coloc\u00e1-lo em vigor, \u00e9 uma prioridade. A\u00ed, cabe \u00e0 Casa Civil avaliar qual vai ser o meio de encaminhar. Como j\u00e1 est\u00e1 previsto no PLOA (Projeto de Lei Or\u00e7ament\u00e1ria Anual), ele tem compensa\u00e7\u00e3o, o problema n\u00e3o \u00e9 de ordem fiscal. Agora \u00e9 s\u00f3 ver a quest\u00e3o jur\u00eddica\u201d, concluiu.<br \/>\n<a href=\"https:\/\/www.jota.info\/executivo\/nao-ha-consenso-sobre-pl-de-ia-e-incluir-redata-nao-e-boa-estrategia-diz-secretario-do-mdic\" target=\"_blank\" rel=\"noopener\">Leia a \u00edntegra.<\/a><\/p>\n<p><strong>Ali\u00e1s\u2026 <\/strong>A chefe de gabinete da Secom, Samara Mariana de Castro, comenta o PL 2.338\/23 no segundo epis\u00f3dio do videocast do Jurisprudente, iniciativa do <strong><span class=\"jota\">JOTA<\/span> <\/strong>que promove uma cobertura especial sobre a inseguran\u00e7a jur\u00eddica no Brasil.<\/p>\n<p>Para ela, h\u00e1 \u201cuma fal\u00e1cia de que se regular n\u00e3o inova\u201d que precisa ser desfeita.<br \/>\n\u201cEstamos com dificuldades de inova\u00e7\u00e3o, e at\u00e9 agora n\u00e3o temos regula\u00e7\u00e3o. A necessidade de seguran\u00e7a jur\u00eddica desconstr\u00f3i essa fal\u00e1cia\u201d, disse.<br \/>\nAssista no <a href=\"https:\/\/www.youtube.com\/watch?v=FbP4YCcW_Pk\" target=\"_blank\" rel=\"noopener\">YouTube<\/a> ou ou\u00e7a no <a href=\"https:\/\/open.spotify.com\/episode\/4PZ3stwj4ERbExvpXn3UXN?si=EiRYpzQ3TUWbVlgkm6pakg\" target=\"_blank\" rel=\"noopener\">Spotify<\/a>.<\/p>","protected":false},"excerpt":{"rendered":"<p>Esta \u00e9 a vers\u00e3o online da newsletter JOTA Principal. Quer receber as pr\u00f3ximas edi\u00e7\u00f5es e acompanhar os principais temas do momento? Cadastre-se gratuitamente! Faltam poucas semanas para um dos principais prazos eleitorais, o da desincompatibiliza\u00e7\u00e3o, que definir\u00e1 quem estar\u00e1 de fato na disputa de outubro. Ser\u00e1 um bom term\u00f4metro para os efeitos do caso Master [&hellip;]<\/p>\n","protected":false},"author":0,"featured_media":0,"comment_status":"open","ping_status":"open","sticky":false,"template":"","format":"standard","meta":[],"categories":[1],"tags":[],"_links":{"self":[{"href":"https:\/\/aprimora.site\/carvalhoalmeidaadvogados\/wp-json\/wp\/v2\/posts\/21232"}],"collection":[{"href":"https:\/\/aprimora.site\/carvalhoalmeidaadvogados\/wp-json\/wp\/v2\/posts"}],"about":[{"href":"https:\/\/aprimora.site\/carvalhoalmeidaadvogados\/wp-json\/wp\/v2\/types\/post"}],"replies":[{"embeddable":true,"href":"https:\/\/aprimora.site\/carvalhoalmeidaadvogados\/wp-json\/wp\/v2\/comments?post=21232"}],"version-history":[{"count":0,"href":"https:\/\/aprimora.site\/carvalhoalmeidaadvogados\/wp-json\/wp\/v2\/posts\/21232\/revisions"}],"wp:attachment":[{"href":"https:\/\/aprimora.site\/carvalhoalmeidaadvogados\/wp-json\/wp\/v2\/media?parent=21232"}],"wp:term":[{"taxonomy":"category","embeddable":true,"href":"https:\/\/aprimora.site\/carvalhoalmeidaadvogados\/wp-json\/wp\/v2\/categories?post=21232"},{"taxonomy":"post_tag","embeddable":true,"href":"https:\/\/aprimora.site\/carvalhoalmeidaadvogados\/wp-json\/wp\/v2\/tags?post=21232"}],"curies":[{"name":"wp","href":"https:\/\/api.w.org\/{rel}","templated":true}]}}