{"id":21231,"date":"2026-03-12T08:59:10","date_gmt":"2026-03-12T11:59:10","guid":{"rendered":"https:\/\/aprimora.site\/carvalhoalmeidaadvogados\/2026\/03\/12\/repetitivo-define-criterios-para-fornecimento-de-bomba-de-insulina-por-planos-de-saude\/"},"modified":"2026-03-12T08:59:10","modified_gmt":"2026-03-12T11:59:10","slug":"repetitivo-define-criterios-para-fornecimento-de-bomba-de-insulina-por-planos-de-saude","status":"publish","type":"post","link":"https:\/\/aprimora.site\/carvalhoalmeidaadvogados\/2026\/03\/12\/repetitivo-define-criterios-para-fornecimento-de-bomba-de-insulina-por-planos-de-saude\/","title":{"rendered":"Repetitivo define crit\u00e9rios para fornecimento de bomba de insulina por planos de sa\u00fade"},"content":{"rendered":"<p>Entre outros requisitos, o interessado dever\u00e1 apresentar a prescri\u00e7\u00e3o m\u00e9dica e comprovar que n\u00e3o h\u00e1 alternativa terap\u00eautica adequada prevista no rol de coberturas obrigat\u00f3rias da ANS.<\/p>","protected":false},"excerpt":{"rendered":"<p>Entre outros requisitos, o interessado dever\u00e1 apresentar a prescri\u00e7\u00e3o m\u00e9dica e comprovar que n\u00e3o h\u00e1 alternativa terap\u00eautica adequada prevista no rol de coberturas obrigat\u00f3rias da ANS.<\/p>\n","protected":false},"author":0,"featured_media":0,"comment_status":"open","ping_status":"open","sticky":false,"template":"","format":"standard","meta":[],"categories":[1],"tags":[],"_links":{"self":[{"href":"https:\/\/aprimora.site\/carvalhoalmeidaadvogados\/wp-json\/wp\/v2\/posts\/21231"}],"collection":[{"href":"https:\/\/aprimora.site\/carvalhoalmeidaadvogados\/wp-json\/wp\/v2\/posts"}],"about":[{"href":"https:\/\/aprimora.site\/carvalhoalmeidaadvogados\/wp-json\/wp\/v2\/types\/post"}],"replies":[{"embeddable":true,"href":"https:\/\/aprimora.site\/carvalhoalmeidaadvogados\/wp-json\/wp\/v2\/comments?post=21231"}],"version-history":[{"count":0,"href":"https:\/\/aprimora.site\/carvalhoalmeidaadvogados\/wp-json\/wp\/v2\/posts\/21231\/revisions"}],"wp:attachment":[{"href":"https:\/\/aprimora.site\/carvalhoalmeidaadvogados\/wp-json\/wp\/v2\/media?parent=21231"}],"wp:term":[{"taxonomy":"category","embeddable":true,"href":"https:\/\/aprimora.site\/carvalhoalmeidaadvogados\/wp-json\/wp\/v2\/categories?post=21231"},{"taxonomy":"post_tag","embeddable":true,"href":"https:\/\/aprimora.site\/carvalhoalmeidaadvogados\/wp-json\/wp\/v2\/tags?post=21231"}],"curies":[{"name":"wp","href":"https:\/\/api.w.org\/{rel}","templated":true}]}}