{"id":21224,"date":"2026-03-12T08:59:09","date_gmt":"2026-03-12T11:59:09","guid":{"rendered":"https:\/\/aprimora.site\/carvalhoalmeidaadvogados\/2026\/03\/12\/stj-planos-de-saude-nao-podem-limitar-sessoes-de-terapias-multidisciplinares\/"},"modified":"2026-03-12T08:59:09","modified_gmt":"2026-03-12T11:59:09","slug":"stj-planos-de-saude-nao-podem-limitar-sessoes-de-terapias-multidisciplinares","status":"publish","type":"post","link":"https:\/\/aprimora.site\/carvalhoalmeidaadvogados\/2026\/03\/12\/stj-planos-de-saude-nao-podem-limitar-sessoes-de-terapias-multidisciplinares\/","title":{"rendered":"STJ: planos de sa\u00fade n\u00e3o podem limitar sess\u00f5es de terapias multidisciplinares"},"content":{"rendered":"<p>Operadoras de planos de sa\u00fade n\u00e3o podem limitar o n\u00famero de sess\u00f5es ou a quantidade de horas semanais dispon\u00edveis para terapias multidisciplinares. O caso foi decidido de forma un\u00e2nime pela 2\u00aa Se\u00e7\u00e3o do Superior Tribunal de Justi\u00e7a (<a href=\"https:\/\/www.jota.info\/tudo-sobre\/stj\">STJ<\/a>) na quarta-feira (11\/3). O Tema 1295 de recursos repetitivos tratou especificamente sobre pacientes com transtorno global do desenvolvimento.<\/p>\n<p>Segundo o relator, ministro <a href=\"https:\/\/www.jota.info\/tudo-sobre\/ministro-antonio-carlos-ferreira\">Ant\u00f4nio Carlos Ferreira<\/a>, eventuais limita\u00e7\u00f5es s\u00e3o contr\u00e1rias \u00e0 Lei 9.656\/1998 e \u00e0s regras da Ag\u00eancia Nacional de Sa\u00fade Suplementar (<a href=\"https:\/\/www.jota.info\/tudo-sobre\/ans\">ANS<\/a>). A tese fixada se refere \u00e0s sess\u00f5es de psicologia, fonoaudiologia, fisioterapia e terapia ocupacional, independentemente do m\u00e9todo prescrito pelo profissional.<\/p>\n<p>Quanto aos casos concretos, o tribunal deu provimento ao recurso especial (REsp 2.153.672\/SP) para reformar a decis\u00e3o do <a href=\"https:\/\/www.jota.info\/tudo-sobre\/tribunal-de-justica-de-sao-paulo\">Tribunal de Justi\u00e7a de S\u00e3o Paulo<\/a> e excluir a limita\u00e7\u00e3o do n\u00famero de sess\u00f5es que havia sido imposta ao paciente.<\/p>\n<p class=\"jota-cta\"><a href=\"https:\/\/www.jota.info\/produtos\/saude?utm_source=cta-site&amp;utm_medium=site&amp;utm_campaign=campanha_saude_q2&amp;utm_id=cta_texto_saude_q2_2023&amp;utm_term=cta_texto_saude&amp;utm_term=cta_texto_saude_meio_materias\"><span>Com not\u00edcias da Anvisa e da ANS, o <span class=\"jota\">JOTA<\/span> PRO Sa\u00fade entrega previsibilidade e transpar\u00eancia para empresas do setor<\/span><\/a><\/p>\n<p>No segundo (REsp 2.167.050\/SP), o recurso n\u00e3o foi conhecido, com majora\u00e7\u00e3o dos honor\u00e1rios, pois a parte recorrente deixou de impugnar um fundamento independente e suficiente do ac\u00f3rd\u00e3o recorrido, o que ocasionou a aplica\u00e7\u00e3o da S\u00famula 283 do STJ.<\/p>\n<h2>Horas excessivas<\/h2>\n<p>Nas sustenta\u00e7\u00f5es orais, as operadoras alegaram que n\u00e3o se op\u00f5em ao cuidado, mas contestam o n\u00famero de horas em excesso nos tratamentos, podendo chegar a 40h semanais. Os advogados do caso contestaram a aplica\u00e7\u00e3o de protocolos m\u00e9dicos massificados e padronizados, sem a devida avalia\u00e7\u00e3o e individualiza\u00e7\u00e3o para cada paciente. A defesa era por um limite m\u00e1ximo de 20h semanais para as sess\u00f5es de terapia multidisciplinares.<\/p>\n<p>Em contraponto, a advogada Bruna Muniz, defensora do paciente, argumentou que a intensidade e a repeti\u00e7\u00e3o das sess\u00f5es s\u00e3o necess\u00e1rias nos casos em que h\u00e1 rigidez comportamental e dificuldade de generaliza\u00e7\u00e3o. Ela destacou que o respeito \u00e0s prescri\u00e7\u00f5es dos profissionais capacitados \u00e9 fundamental para garantir melhorias ao desenvolvimento das crian\u00e7as e garantir-lhes a maior autonomia poss\u00edvel no futuro.<\/p>\n<h2>Fraudes<\/h2>\n<p>Durante os debates, o ministro <a href=\"https:\/\/www.jota.info\/tudo-sobre\/raul-araujo\">Raul Ara\u00fajo<\/a> sugeriu incluir na ementa do ac\u00f3rd\u00e3o uma ressalva expressa sobre a ocorr\u00eancia de fraudes. A ideia era acolher, em parte, o argumento das operadoras e resguard\u00e1-las em rela\u00e7\u00e3o ao acionamento de juntas m\u00e9dicas em casos espec\u00edficos.<\/p>\n<p>A ideia, entretanto, foi rejeitada com a sugest\u00e3o da ministra <a href=\"https:\/\/www.jota.info\/autor\/isabel-gallotti\">Maria Isabel Gallotti<\/a> de que eventuais ressalvas constassem dos votos e, consequentemente, da \u00edntegra do ac\u00f3rd\u00e3o.<\/p>\n<h2>Negativa de cobertura<\/h2>\n<p>Inicialmente, um dos casos concretos tratava tamb\u00e9m sobre a recusa de atendimento. Entretanto, a possibilidade de negativa de cobertura nem chegou a ser avaliada por perda de objeto devido a mudan\u00e7as na regulamenta\u00e7\u00e3o desde que o processo come\u00e7ou a tramitar.<\/p>\n<p>Tema: 1295. Processos: REsp 2153672\/SP e REsp 2167050\/SP<\/p>","protected":false},"excerpt":{"rendered":"<p>Operadoras de planos de sa\u00fade n\u00e3o podem limitar o n\u00famero de sess\u00f5es ou a quantidade de horas semanais dispon\u00edveis para terapias multidisciplinares. O caso foi decidido de forma un\u00e2nime pela 2\u00aa Se\u00e7\u00e3o do Superior Tribunal de Justi\u00e7a (STJ) na quarta-feira (11\/3). O Tema 1295 de recursos repetitivos tratou especificamente sobre pacientes com transtorno global do [&hellip;]<\/p>\n","protected":false},"author":0,"featured_media":0,"comment_status":"open","ping_status":"open","sticky":false,"template":"","format":"standard","meta":[],"categories":[1],"tags":[],"_links":{"self":[{"href":"https:\/\/aprimora.site\/carvalhoalmeidaadvogados\/wp-json\/wp\/v2\/posts\/21224"}],"collection":[{"href":"https:\/\/aprimora.site\/carvalhoalmeidaadvogados\/wp-json\/wp\/v2\/posts"}],"about":[{"href":"https:\/\/aprimora.site\/carvalhoalmeidaadvogados\/wp-json\/wp\/v2\/types\/post"}],"replies":[{"embeddable":true,"href":"https:\/\/aprimora.site\/carvalhoalmeidaadvogados\/wp-json\/wp\/v2\/comments?post=21224"}],"version-history":[{"count":0,"href":"https:\/\/aprimora.site\/carvalhoalmeidaadvogados\/wp-json\/wp\/v2\/posts\/21224\/revisions"}],"wp:attachment":[{"href":"https:\/\/aprimora.site\/carvalhoalmeidaadvogados\/wp-json\/wp\/v2\/media?parent=21224"}],"wp:term":[{"taxonomy":"category","embeddable":true,"href":"https:\/\/aprimora.site\/carvalhoalmeidaadvogados\/wp-json\/wp\/v2\/categories?post=21224"},{"taxonomy":"post_tag","embeddable":true,"href":"https:\/\/aprimora.site\/carvalhoalmeidaadvogados\/wp-json\/wp\/v2\/tags?post=21224"}],"curies":[{"name":"wp","href":"https:\/\/api.w.org\/{rel}","templated":true}]}}