{"id":21222,"date":"2026-03-12T05:31:03","date_gmt":"2026-03-12T08:31:03","guid":{"rendered":"https:\/\/aprimora.site\/carvalhoalmeidaadvogados\/2026\/03\/12\/sonhos-e-terra-agroflorestas-e-casas-de-farinha\/"},"modified":"2026-03-12T05:31:03","modified_gmt":"2026-03-12T08:31:03","slug":"sonhos-e-terra-agroflorestas-e-casas-de-farinha","status":"publish","type":"post","link":"https:\/\/aprimora.site\/carvalhoalmeidaadvogados\/2026\/03\/12\/sonhos-e-terra-agroflorestas-e-casas-de-farinha\/","title":{"rendered":"Sonhos e terra, agroflorestas e casas de farinha"},"content":{"rendered":"<p><em>Nasci Ginelda Silva Lima em S\u00e3o Domingos do Capim, na regi\u00e3o nordeste do Par\u00e1. Ainda crian\u00e7a, junto de minha m\u00e3e Raimunda Moreira dos Santos Silva, irm\u00e3os e irm\u00e3s, rumamos de canoa para Tom\u00e9-A\u00e7u (PA), em busca de dias melhores. Meu pai seguiu depois. Na inf\u00e2ncia, na beira do rio, n\u00e3o conhecia fronteiras. Ao chegar na cidade, o mundo pareceu se encolher, com suas cercas e limites.<\/em><\/p>\n<p><em>Filha de agricultores, criada entre ro\u00e7ados e paneiros de farinha, comecei a estudar aos 13 anos de idade. Aos 14, casei e, aos 15, fui m\u00e3e. Me formei professora, cursei magist\u00e9rio. Mas meus planos e sonhos tamb\u00e9m envolviam a terra, o cultivo e a produ\u00e7\u00e3o de alimentos saud\u00e1veis. Comida natural faz bom pensamento.<\/em><\/p>\n<p class=\"jota-cta\"><a href=\"https:\/\/www.jota.info\/produtos\/poder?utm_source=cta-site&amp;utm_medium=site&amp;utm_campaign=campanha_poder_q2&amp;utm_id=cta_texto_poder_q2_2023&amp;utm_term=cta_texto_poder&amp;utm_term=cta_texto_poder_meio_materias\"><span>Conhe\u00e7a o <span class=\"jota\">JOTA<\/span> PRO Poder, plataforma de monitoramento que oferece transpar\u00eancia e previsibilidade para empresas<\/span><\/a><\/p>\n<p><em>Por 28 anos me dediquei \u00e0 educa\u00e7\u00e3o p\u00fablica de Tom\u00e9-A\u00e7u. Como educadora, pude ensinar, mas sobretudo aprender com outras pessoas, outros rios e outras terras \u2013 inclusive as durezas que a falta dela traz. Em 2015, aos 44 anos, comprei meu peda\u00e7o de ch\u00e3o. Pequeno, mas com ele conquistei autonomia e tive dignidade para criar meus filhos e filhas. A terra \u00e9 como uma m\u00e3e, ela sustenta e permite firmar e encontrar outras ra\u00edzes.<\/em><\/p>\n<p><em>Queria muito uma casa de farinha. A mandioca, essa raiz, t\u00e3o resistente e nutritiva, \u00e9 comida para casa e tem venda garantida. Com um grupo de mulheres, perseguimos esse sonho e a Casa foi constru\u00edda no meu s\u00edtio, no ramal Itabocal, em Tom\u00e9-A\u00e7u. Com o apoio \u2013 talvez inusitado mas nada fortuito de Andr\u00e9 Doyon \u2013 benfeitor canadense que conheceu minha hist\u00f3ria por meio de uma palestra, fundei e trabalho na companhia de Maria Selma dos Santos, Domingas dos Santos Lopes, F\u00e1tima da Silva Moreira e Vanda Santos, a Casa de Farinha Quebec. Outras mulheres se unem a n\u00f3s em tempos de maior demanda.<\/em><\/p>\n<p><em>A mandioca e a macaxeira que servem de base para a farinha e outros derivados s\u00e3o, para mim, n\u00e3o apenas renda, mas alimento, conhecimento, preserva\u00e7\u00e3o e produ\u00e7\u00e3o de biodiversidade. Cultivadas em agroflorestas, elas s\u00e3o companhia para a\u00e7aizeiros, andirobeiras, ip\u00eas, cacaueiros, cupua\u00e7uzeiros, e outros v\u00e1rios p\u00e9s de planta que, juntas, cuidam do solo, do ar e das fontes de \u00e1gua.<\/em><\/p>\n<p>*<\/p>\n<p>Fazer agrofloresta, assim como fazer farinha, envolve mistura.<\/p>\n<p>Uma agrofloresta exige conhecimento, trabalho e respeito ao tempo de crescimento das plantas. Requer cuidado com o solo e com as \u00e1guas que, em chuva, s\u00e3o intensas no inverno e escassas no ver\u00e3o. Nesses plantios, diversas esp\u00e9cies vivem juntas para compor e recompor ecologias. Em coprodu\u00e7\u00e3o, essas plantas crescem e reativam o solo, as \u00e1guas e os ecossistemas. Com a floresta e outras agroflorestas, podem formar corredores, mantendo o esp\u00edrito de companhia, cuidado e parceria. Resilientes e resistentes, as agroflorestas fazem vida e produzem diversidade.<\/p>\n<p>Uma casa de farinha pode ser um bra\u00e7o da agrofloresta. O espa\u00e7o tem o nome de casa n\u00e3o por acaso: \u00e9 lar de afeto, compartilhamento e, deseja-se, seguran\u00e7a \u2013 algo que a casa de muitas mulheres deixa de representar. Em uma farinhada, abriga a comunidade, refor\u00e7ando o car\u00e1ter coletivo da produ\u00e7\u00e3o de mandioca e outros derivados que vem desse alimento t\u00e3o poderoso, vers\u00e1til e saboroso.<\/p>\n<p>Nesta casa, a mandioca \u00e9 transformada. O processo de beneficiamento demanda reconhecer e selecionar manivas e ra\u00edzes, saber o momento certo da colheita, o tempo de pubar, a grossura do ralar, o tempo de torrar, as formas de armazenar.<\/p>\n<p>S\u00e3o diversas m\u00e3os que participam da transforma\u00e7\u00e3o da mandioca em farinha, a companhia perfeita para o peixe assado e o corpo a engrossar o a\u00e7a\u00ed \u2013 que tamb\u00e9m est\u00e1 na agrofloresta. Dela \u00e9 feita a goma para a tapioca e o tucupi, que nutre pratos t\u00e3o emblem\u00e1ticos quanto o tacac\u00e1. Fornos, prensas, facas, raladores, peneiras e fogo s\u00e3o objetos parceiros desse trabalho e encontro de transforma\u00e7\u00e3o.<\/p>\n<p>Cada casa e, por que n\u00e3o, cada agrofloresta, pode produzir diferentes farinhas e derivados. Em comum, seu car\u00e1ter coletivo e comp\u00f3sito.<\/p>\n<p class=\"jota-cta\"><a href=\"https:\/\/conteudo.jota.info\/marketing-lp-newsletter-ultimas-noticias?utm_source=jota&amp;utm_medium=lp&amp;utm_campaign=23-09-2024-jota-lp-eleicoes-2024-eleicoes-2024-none-audiencias-none&amp;utm_content=eleicoes-2024&amp;utm_term=none\"><span>Assine gratuitamente a newsletter \u00daltimas Not\u00edcias do <span class=\"jota\">JOTA<\/span> e receba as principais not\u00edcias jur\u00eddicas e pol\u00edticas do dia no seu email<\/span><\/a><\/p>\n<p>Casas de farinha e agroflorestas n\u00e3o cabem no singular. S\u00e3o v\u00e1rias as pessoas, instrumentos e microorganismos que fazem florescer sementes, \u00e1rvores e alimentos. Mulheres amaz\u00f4nidas fazem al\u00e9m de casas, agroflorestas. Al\u00e9m da goma, manivas. Das sementes, mudas. Todas elas contam hist\u00f3rias de luta, de for\u00e7a e de trabalho coletivo.<\/p>\n<p>Que possamos, cada vez mais, cultivar agroflorestas, fazer farinha, compartilhar a caminhada \u2013 e registrar essas hist\u00f3rias.<\/p>\n<p>A floresta viva \u00e9 feita de pessoas, e feita de mulheres. Neste mar\u00e7o das mulheres, o compromisso das mulheres do IPAM \u00e9 com a garantia do acesso \u00e0 terra e com a conquista de autonomia das mulheres amaz\u00f4nidas. Mulheres e florestas vivas!<\/p>","protected":false},"excerpt":{"rendered":"<p>Nasci Ginelda Silva Lima em S\u00e3o Domingos do Capim, na regi\u00e3o nordeste do Par\u00e1. Ainda crian\u00e7a, junto de minha m\u00e3e Raimunda Moreira dos Santos Silva, irm\u00e3os e irm\u00e3s, rumamos de canoa para Tom\u00e9-A\u00e7u (PA), em busca de dias melhores. Meu pai seguiu depois. Na inf\u00e2ncia, na beira do rio, n\u00e3o conhecia fronteiras. Ao chegar na [&hellip;]<\/p>\n","protected":false},"author":0,"featured_media":0,"comment_status":"open","ping_status":"open","sticky":false,"template":"","format":"standard","meta":[],"categories":[1],"tags":[],"_links":{"self":[{"href":"https:\/\/aprimora.site\/carvalhoalmeidaadvogados\/wp-json\/wp\/v2\/posts\/21222"}],"collection":[{"href":"https:\/\/aprimora.site\/carvalhoalmeidaadvogados\/wp-json\/wp\/v2\/posts"}],"about":[{"href":"https:\/\/aprimora.site\/carvalhoalmeidaadvogados\/wp-json\/wp\/v2\/types\/post"}],"replies":[{"embeddable":true,"href":"https:\/\/aprimora.site\/carvalhoalmeidaadvogados\/wp-json\/wp\/v2\/comments?post=21222"}],"version-history":[{"count":0,"href":"https:\/\/aprimora.site\/carvalhoalmeidaadvogados\/wp-json\/wp\/v2\/posts\/21222\/revisions"}],"wp:attachment":[{"href":"https:\/\/aprimora.site\/carvalhoalmeidaadvogados\/wp-json\/wp\/v2\/media?parent=21222"}],"wp:term":[{"taxonomy":"category","embeddable":true,"href":"https:\/\/aprimora.site\/carvalhoalmeidaadvogados\/wp-json\/wp\/v2\/categories?post=21222"},{"taxonomy":"post_tag","embeddable":true,"href":"https:\/\/aprimora.site\/carvalhoalmeidaadvogados\/wp-json\/wp\/v2\/tags?post=21222"}],"curies":[{"name":"wp","href":"https:\/\/api.w.org\/{rel}","templated":true}]}}